{"id":1055,"date":"2017-04-06T00:15:36","date_gmt":"2017-04-05T22:15:36","guid":{"rendered":"http:\/\/agora.xtec.cat\/esc-jmaragall-sabadell\/?p=1055"},"modified":"2017-04-06T07:29:19","modified_gmt":"2017-04-06T05:29:19","slug":"dia-mundial-de-lactivitat-fisica","status":"publish","type":"post","link":"https:\/\/agora.xtec.cat\/esc-jmaragall-sabadell\/portada\/dia-mundial-de-lactivitat-fisica\/","title":{"rendered":"Dia Mundial de l&#8217;Activitat F\u00edsica."},"content":{"rendered":"<p>&nbsp;<\/p>\n<h2 style=\"text-align: center;\">6 D&#8217;ABRIL<\/h2>\n<h2 style=\"text-align: center;\">DIA MUNDIAL DE L&#8217;ACTIVITAT F\u00cdSICA<a href=\"http:\/\/agora.xtec.cat\/esc-jmaragall-sabadell\/wp-content\/uploads\/usu1082\/2017\/04\/diamundial_0417117a.jpg\"><img loading=\"lazy\" decoding=\"async\" class=\"wp-image-1056 aligncenter\" src=\"http:\/\/agora.xtec.cat\/esc-jmaragall-sabadell\/wp-content\/uploads\/usu1082\/2017\/04\/diamundial_0417117a.jpg\" alt=\"_diamundial_0417117a\" width=\"526\" height=\"301\" srcset=\"https:\/\/agora.xtec.cat\/esc-jmaragall-sabadell\/wp-content\/uploads\/usu1082\/2017\/04\/diamundial_0417117a.jpg 953w, https:\/\/agora.xtec.cat\/esc-jmaragall-sabadell\/wp-content\/uploads\/usu1082\/2017\/04\/diamundial_0417117a-300x172.jpg 300w, https:\/\/agora.xtec.cat\/esc-jmaragall-sabadell\/wp-content\/uploads\/usu1082\/2017\/04\/diamundial_0417117a-768x439.jpg 768w\" sizes=\"auto, (max-width: 526px) 100vw, 526px\" \/><\/a><\/h2>\n<h2 style=\"text-align: center;\">Gent Activa = Gent Feli\u00e7!<\/h2>\n<p style=\"text-align: justify;\">Des de l&#8217;\u00e0rea d&#8217;Educaci\u00f3 F\u00edsica i per celebrar aquest esdeveniment mundial hem estat realitzant aquest repte que ens proposaven des de l&#8217;\u00c0rea d&#8217;Esport Escolar del Consell Catal\u00e0 de l&#8217;Esport&#8230; <em>quantes vegades hem passat el cercle pel cos? &#8230; TANTES QUE ENS HEM DESCOMPTAT!!\u00a0 <a href=\"https:\/\/goo.gl\/photos\/buA8ANtQbAjkwdyk8\">CLIC V\u00cdDEO<\/a><br \/>\n<\/em><\/p>\n<p>&nbsp;<\/p>\n<p>&nbsp;<\/p>\n","protected":false},"excerpt":{"rendered":"<p>6 D&#8217;ABRIL<br \/>\nDIA MUNDIAL DE L&#8217;ACTIVITAT F\u00cdSICA&hellip;  <a href=\"https:\/\/agora.xtec.cat\/esc-jmaragall-sabadell\/portada\/dia-mundial-de-lactivitat-fisica\/\" title=\"Read Dia Mundial de l&#8217;Activitat F\u00edsica.\">Llegeix m\u00e9s\u00bb<\/a><\/p>\n","protected":false},"author":1,"featured_media":1056,"comment_status":"open","ping_status":"open","sticky":false,"template":"","format":"standard","meta":{"_bbp_topic_count":0,"_bbp_reply_count":0,"_bbp_total_topic_count":0,"_bbp_total_reply_count":0,"_bbp_voice_count":0,"_bbp_anonymous_reply_count":0,"_bbp_topic_count_hidden":0,"_bbp_reply_count_hidden":0,"_bbp_forum_subforum_count":0,"footnotes":""},"categories":[92,4],"tags":[],"class_list":["post-1055","post","type-post","status-publish","format-standard","has-post-thumbnail","hentry","category-educacio-fisica","category-portada"],"post_mailing_queue_ids":[],"_links":{"self":[{"href":"https:\/\/agora.xtec.cat\/esc-jmaragall-sabadell\/wp-json\/wp\/v2\/posts\/1055","targetHints":{"allow":["GET"]}}],"collection":[{"href":"https:\/\/agora.xtec.cat\/esc-jmaragall-sabadell\/wp-json\/wp\/v2\/posts"}],"about":[{"href":"https:\/\/agora.xtec.cat\/esc-jmaragall-sabadell\/wp-json\/wp\/v2\/types\/post"}],"author":[{"embeddable":true,"href":"https:\/\/agora.xtec.cat\/esc-jmaragall-sabadell\/wp-json\/wp\/v2\/users\/1"}],"replies":[{"embeddable":true,"href":"https:\/\/agora.xtec.cat\/esc-jmaragall-sabadell\/wp-json\/wp\/v2\/comments?post=1055"}],"version-history":[{"count":3,"href":"https:\/\/agora.xtec.cat\/esc-jmaragall-sabadell\/wp-json\/wp\/v2\/posts\/1055\/revisions"}],"predecessor-version":[{"id":1059,"href":"https:\/\/agora.xtec.cat\/esc-jmaragall-sabadell\/wp-json\/wp\/v2\/posts\/1055\/revisions\/1059"}],"wp:featuredmedia":[{"embeddable":true,"href":"https:\/\/agora.xtec.cat\/esc-jmaragall-sabadell\/wp-json\/wp\/v2\/media\/1056"}],"wp:attachment":[{"href":"https:\/\/agora.xtec.cat\/esc-jmaragall-sabadell\/wp-json\/wp\/v2\/media?parent=1055"}],"wp:term":[{"taxonomy":"category","embeddable":true,"href":"https:\/\/agora.xtec.cat\/esc-jmaragall-sabadell\/wp-json\/wp\/v2\/categories?post=1055"},{"taxonomy":"post_tag","embeddable":true,"href":"https:\/\/agora.xtec.cat\/esc-jmaragall-sabadell\/wp-json\/wp\/v2\/tags?post=1055"}],"curies":[{"name":"wp","href":"https:\/\/api.w.org\/{rel}","templated":true}]}}