{"id":1013,"date":"2017-04-05T12:15:17","date_gmt":"2017-04-05T10:15:17","guid":{"rendered":"http:\/\/agora.xtec.cat\/esc-jmaragall-sabadell\/?p=1013"},"modified":"2017-04-05T12:22:46","modified_gmt":"2017-04-05T10:22:46","slug":"setmana-cultural-el-circ","status":"publish","type":"post","link":"https:\/\/agora.xtec.cat\/esc-jmaragall-sabadell\/general\/setmana-cultural-el-circ\/","title":{"rendered":"Setmana cultural: EL CIRC!"},"content":{"rendered":"<h2>Alumnes, mestres, fam\u00edlies i servei de menjador de l&#8217;Escola Joan Maragall (Sabadell) celebrem la Setmana Cultural: EL CIRC!<\/h2>\n<p><a href=\"http:\/\/agora.xtec.cat\/esc-jmaragall-sabadell\/wp-content\/uploads\/usu1082\/2017\/04\/DSC_0009.jpg\"><img loading=\"lazy\" decoding=\"async\" class=\"wp-image-1014 aligncenter\" src=\"http:\/\/agora.xtec.cat\/esc-jmaragall-sabadell\/wp-content\/uploads\/usu1082\/2017\/04\/DSC_0009-1024x480.jpg\" alt=\"DSC_0009\" width=\"474\" height=\"222\" \/><\/a><\/p>\n<p style=\"text-align: right;\"><strong><em>&#8220;La Coraleta&#8221;<\/em><\/strong> va ser l&#8217;encarregada d&#8217;obrir l&#8217;acte inaugural que donava inici a la Setmana Cultural 2017!<\/p>\n<p style=\"text-align: justify;\">Durant aquesta se<a href=\"http:\/\/agora.xtec.cat\/esc-jmaragall-sabadell\/wp-content\/uploads\/usu1082\/2017\/04\/DSC_0254.jpg\"><img loading=\"lazy\" decoding=\"async\" class=\"wp-image-1021 alignleft\" src=\"http:\/\/agora.xtec.cat\/esc-jmaragall-sabadell\/wp-content\/uploads\/usu1082\/2017\/04\/DSC_0254-680x1024.jpg\" alt=\"DSC_0254\" width=\"271\" height=\"408\" srcset=\"https:\/\/agora.xtec.cat\/esc-jmaragall-sabadell\/wp-content\/uploads\/usu1082\/2017\/04\/DSC_0254-680x1024.jpg 680w, https:\/\/agora.xtec.cat\/esc-jmaragall-sabadell\/wp-content\/uploads\/usu1082\/2017\/04\/DSC_0254-199x300.jpg 199w, https:\/\/agora.xtec.cat\/esc-jmaragall-sabadell\/wp-content\/uploads\/usu1082\/2017\/04\/DSC_0254-768x1156.jpg 768w\" sizes=\"auto, (max-width: 271px) 100vw, 271px\" \/><\/a>tmana d&#8217;abril a l&#8217;<strong>Escola Joan Maragall de Sabadell<\/strong> celebrem la Setmana Cultural amb la tem\u00e0tica &#8220;<strong>El Circ<\/strong>&#8220;. L&#8217;equip de professors i tamb\u00e9 de monitoratge de l&#8217;empresa de menjador han treballat de valent per organitzar les diferents activitats que es porten i portaran a terme al llarg de la setmana.<\/p>\n<p style=\"text-align: justify;\">Tallers de malabars, equilibris, maquillatge, m\u00e0gia, visualitzaci\u00f3 de documentals, confecci\u00f3 de cartells, elaboraci\u00f3 d&#8217;entrades, globoflexia, &#8220;<em>com \u00e9s la vida de les persones que\u00a0 viuen al circ<\/em>&#8220;, &#8220;<em>els personatges del circ<\/em>&#8221; &#8230;<\/p>\n<p style=\"text-align: justify;\">&#8230;Sessions <strong>MUS-E<\/strong> que els nostres artistes En Jaume i La Gl\u00f2ria realitzaran amb els m\u00e9s petits de l&#8217;escola,\u00a0 actuacions <strong>MUS-E <\/strong>que han preparat\u00a0 els alumnes dels cicles mitj\u00e0 i superior, activitats d&#8217;equilibris i salts organitzades per l&#8217;<a href=\"https:\/\/ca-es.facebook.com\/circ.tubdassaig\"><strong>Associaci\u00f3 Tub d&#8217;assaig<\/strong><\/a> de Terrassa i la percussi\u00f3 de <a href=\"http:\/\/www.bruixesdelnord.org\/\"><strong>Les Bruixes del Nord <\/strong><\/a>de Sabadell, visita a l&#8217;Estruch per observar l&#8217;assaig de l&#8217;artista <strong>Marta Camuffi<\/strong> entrevistar-la&#8230; entre d&#8217;altres moltes activitats!<\/p>\n<p style=\"text-align: justify;\">Esperem gaudir i aprendre molt!<\/p>\n<p style=\"text-align: justify;\"><a href=\"http:\/\/agora.xtec.cat\/esc-jmaragall-sabadell\/wp-content\/uploads\/usu1082\/2017\/04\/DSC_0115.jpg\"><img loading=\"lazy\" decoding=\"async\" class=\"alignnone wp-image-1017\" src=\"http:\/\/agora.xtec.cat\/esc-jmaragall-sabadell\/wp-content\/uploads\/usu1082\/2017\/04\/DSC_0115-1024x680.jpg\" alt=\"DSC_0115\" width=\"294\" height=\"195\" srcset=\"https:\/\/agora.xtec.cat\/esc-jmaragall-sabadell\/wp-content\/uploads\/usu1082\/2017\/04\/DSC_0115-1024x680.jpg 1024w, https:\/\/agora.xtec.cat\/esc-jmaragall-sabadell\/wp-content\/uploads\/usu1082\/2017\/04\/DSC_0115-300x199.jpg 300w, https:\/\/agora.xtec.cat\/esc-jmaragall-sabadell\/wp-content\/uploads\/usu1082\/2017\/04\/DSC_0115-768x510.jpg 768w\" sizes=\"auto, (max-width: 294px) 100vw, 294px\" \/><\/a><a href=\"http:\/\/agora.xtec.cat\/esc-jmaragall-sabadell\/wp-content\/uploads\/usu1082\/2017\/04\/DSC_0286.jpg\"><img loading=\"lazy\" decoding=\"async\" class=\"alignnone wp-image-1022\" src=\"http:\/\/agora.xtec.cat\/esc-jmaragall-sabadell\/wp-content\/uploads\/usu1082\/2017\/04\/DSC_0286-1024x680.jpg\" alt=\"DSC_0286\" width=\"295\" height=\"196\" srcset=\"https:\/\/agora.xtec.cat\/esc-jmaragall-sabadell\/wp-content\/uploads\/usu1082\/2017\/04\/DSC_0286-1024x680.jpg 1024w, https:\/\/agora.xtec.cat\/esc-jmaragall-sabadell\/wp-content\/uploads\/usu1082\/2017\/04\/DSC_0286-300x199.jpg 300w, https:\/\/agora.xtec.cat\/esc-jmaragall-sabadell\/wp-content\/uploads\/usu1082\/2017\/04\/DSC_0286-768x510.jpg 768w\" sizes=\"auto, (max-width: 295px) 100vw, 295px\" \/><\/a><a href=\"http:\/\/agora.xtec.cat\/esc-jmaragall-sabadell\/wp-content\/uploads\/usu1082\/2017\/04\/DSC_0389.jpg\"><img loading=\"lazy\" decoding=\"async\" class=\"alignnone wp-image-1024\" src=\"http:\/\/agora.xtec.cat\/esc-jmaragall-sabadell\/wp-content\/uploads\/usu1082\/2017\/04\/DSC_0389-1024x680.jpg\" alt=\"DSC_0389\" width=\"293\" height=\"195\" srcset=\"https:\/\/agora.xtec.cat\/esc-jmaragall-sabadell\/wp-content\/uploads\/usu1082\/2017\/04\/DSC_0389-1024x680.jpg 1024w, https:\/\/agora.xtec.cat\/esc-jmaragall-sabadell\/wp-content\/uploads\/usu1082\/2017\/04\/DSC_0389-300x199.jpg 300w, https:\/\/agora.xtec.cat\/esc-jmaragall-sabadell\/wp-content\/uploads\/usu1082\/2017\/04\/DSC_0389-768x510.jpg 768w\" sizes=\"auto, (max-width: 293px) 100vw, 293px\" \/><\/a><a href=\"http:\/\/agora.xtec.cat\/esc-jmaragall-sabadell\/wp-content\/uploads\/usu1082\/2017\/04\/DSC_0131.jpg\"><img loading=\"lazy\" decoding=\"async\" class=\"wp-image-1018 alignleft\" src=\"http:\/\/agora.xtec.cat\/esc-jmaragall-sabadell\/wp-content\/uploads\/usu1082\/2017\/04\/DSC_0131-1024x557.jpg\" alt=\"DSC_0131\" width=\"369\" height=\"201\" srcset=\"https:\/\/agora.xtec.cat\/esc-jmaragall-sabadell\/wp-content\/uploads\/usu1082\/2017\/04\/DSC_0131-1024x557.jpg 1024w, https:\/\/agora.xtec.cat\/esc-jmaragall-sabadell\/wp-content\/uploads\/usu1082\/2017\/04\/DSC_0131-300x163.jpg 300w, https:\/\/agora.xtec.cat\/esc-jmaragall-sabadell\/wp-content\/uploads\/usu1082\/2017\/04\/DSC_0131-768x418.jpg 768w\" sizes=\"auto, (max-width: 369px) 100vw, 369px\" \/><\/a><\/p>\n<p style=\"text-align: justify;\"><a href=\"http:\/\/agora.xtec.cat\/esc-jmaragall-sabadell\/wp-content\/uploads\/usu1082\/2017\/04\/DSC_0334.jpg\"><img loading=\"lazy\" decoding=\"async\" class=\"wp-image-1023 alignright\" src=\"http:\/\/agora.xtec.cat\/esc-jmaragall-sabadell\/wp-content\/uploads\/usu1082\/2017\/04\/DSC_0334-680x1024.jpg\" alt=\"DSC_0334\" width=\"367\" height=\"553\" srcset=\"https:\/\/agora.xtec.cat\/esc-jmaragall-sabadell\/wp-content\/uploads\/usu1082\/2017\/04\/DSC_0334-680x1024.jpg 680w, https:\/\/agora.xtec.cat\/esc-jmaragall-sabadell\/wp-content\/uploads\/usu1082\/2017\/04\/DSC_0334-199x300.jpg 199w, https:\/\/agora.xtec.cat\/esc-jmaragall-sabadell\/wp-content\/uploads\/usu1082\/2017\/04\/DSC_0334-768x1156.jpg 768w\" sizes=\"auto, (max-width: 367px) 100vw, 367px\" \/><\/a><\/p>\n<p>&nbsp;<\/p>\n<p>&nbsp;<\/p>\n<p>&nbsp;<\/p>\n<p>&nbsp;<\/p>\n<p><a href=\"https:\/\/goo.gl\/photos\/6mvZj1TYtu5PsejHA\">PER VISUALITZAR M\u00c9S FOTOS FEU CLIC AQU\u00cd!<\/a><\/p>\n","protected":false},"excerpt":{"rendered":"<p>Alumnes, mestres, fam\u00edlies i servei de menjador de l&#8217;Escola Joan Maragall (Sabadell) celebrem la Setmana Cultural: EL CIRC!&hellip;  <a href=\"https:\/\/agora.xtec.cat\/esc-jmaragall-sabadell\/general\/setmana-cultural-el-circ\/\" title=\"Read Setmana cultural: EL CIRC!\">Llegeix m\u00e9s\u00bb<\/a><\/p>\n","protected":false},"author":1,"featured_media":1021,"comment_status":"open","ping_status":"open","sticky":false,"template":"","format":"standard","meta":{"_bbp_topic_count":0,"_bbp_reply_count":0,"_bbp_total_topic_count":0,"_bbp_total_reply_count":0,"_bbp_voice_count":0,"_bbp_anonymous_reply_count":0,"_bbp_topic_count_hidden":0,"_bbp_reply_count_hidden":0,"_bbp_forum_subforum_count":0,"footnotes":""},"categories":[60,1,62,4,64],"tags":[],"class_list":["post-1013","post","type-post","status-publish","format-standard","has-post-thumbnail","hentry","category-coraleta","category-general","category-muse","category-portada","category-setcultural"],"post_mailing_queue_ids":[],"_links":{"self":[{"href":"https:\/\/agora.xtec.cat\/esc-jmaragall-sabadell\/wp-json\/wp\/v2\/posts\/1013","targetHints":{"allow":["GET"]}}],"collection":[{"href":"https:\/\/agora.xtec.cat\/esc-jmaragall-sabadell\/wp-json\/wp\/v2\/posts"}],"about":[{"href":"https:\/\/agora.xtec.cat\/esc-jmaragall-sabadell\/wp-json\/wp\/v2\/types\/post"}],"author":[{"embeddable":true,"href":"https:\/\/agora.xtec.cat\/esc-jmaragall-sabadell\/wp-json\/wp\/v2\/users\/1"}],"replies":[{"embeddable":true,"href":"https:\/\/agora.xtec.cat\/esc-jmaragall-sabadell\/wp-json\/wp\/v2\/comments?post=1013"}],"version-history":[{"count":3,"href":"https:\/\/agora.xtec.cat\/esc-jmaragall-sabadell\/wp-json\/wp\/v2\/posts\/1013\/revisions"}],"predecessor-version":[{"id":1050,"href":"https:\/\/agora.xtec.cat\/esc-jmaragall-sabadell\/wp-json\/wp\/v2\/posts\/1013\/revisions\/1050"}],"wp:featuredmedia":[{"embeddable":true,"href":"https:\/\/agora.xtec.cat\/esc-jmaragall-sabadell\/wp-json\/wp\/v2\/media\/1021"}],"wp:attachment":[{"href":"https:\/\/agora.xtec.cat\/esc-jmaragall-sabadell\/wp-json\/wp\/v2\/media?parent=1013"}],"wp:term":[{"taxonomy":"category","embeddable":true,"href":"https:\/\/agora.xtec.cat\/esc-jmaragall-sabadell\/wp-json\/wp\/v2\/categories?post=1013"},{"taxonomy":"post_tag","embeddable":true,"href":"https:\/\/agora.xtec.cat\/esc-jmaragall-sabadell\/wp-json\/wp\/v2\/tags?post=1013"}],"curies":[{"name":"wp","href":"https:\/\/api.w.org\/{rel}","templated":true}]}}