{"id":62,"count":39,"description":"<a href=\"http:\/\/agora.xtec.cat\/esc-jmaragall-sabadell\/wp-content\/uploads\/usu1082\/2017\/02\/mus-e.jpg\"> \u00a0\u00a0\u00a0\u00a0\u00a0\u00a0\u00a0\u00a0\u00a0\u00a0\u00a0\u00a0\u00a0<\/a><a href=\"http:\/\/agora.xtec.cat\/esc-jmaragall-sabadell\/wp-content\/uploads\/usu1082\/2017\/02\/mus-e.jpg\">\u00a0\u00a0\u00a0\u00a0\u00a0\u00a0\u00a0\u00a0\u00a0\u00a0\u00a0<\/a>\r\n<p style=\"text-align: left;\"><a href=\"https:\/\/agora.xtec.cat\/esc-jmaragall-sabadell\/wp-content\/uploads\/usu1082\/2021\/03\/20210304_150247-1.jpg\"><img class=\"alignnone size-full wp-image-4559\" src=\"https:\/\/agora.xtec.cat\/esc-jmaragall-sabadell\/wp-content\/uploads\/usu1082\/2021\/03\/20210304_150247-1.jpg\" alt=\"\" width=\"884\" height=\"732\" \/><\/a><\/p>\r\n&nbsp;\r\n<p style=\"text-align: left;\">El Departament d\u2019Educaci\u00f3 obre convocat\u00f2ria per seleccionar centres de titularitat p\u00fablica dependents del Departament d\u2019Educaci\u00f3 que presentin un projecte escolar amb accions innovadores de suport i refor\u00e7 per a la reducci\u00f3 i la prevenci\u00f3 de l\u2019abandonament escolar prematur i el foment de la igualtat d\u2019acc\u00e9s a una educaci\u00f3 de bona qualitat en les etapes de prim\u00e0ria o secund\u00e0ria obligat\u00f2ria.<\/p>\r\n<p style=\"text-align: left;\">Les actuacions realitzades\u00a0 formen part del\u00a0\u201c<strong>Programa de cooperaci\u00f3n territorial orientaci\u00f3n y refuerzo para el avance y apoyo en educaci\u00f3n<\/strong>\u201d\u00a0cofinan\u00e7at pel\u00a0<strong>Ministerio de Educaci\u00f3n y Formaci\u00f3n Profesional\u00a0<\/strong>i pel<strong>\u00a0\u201cPrograma Operatiu d\u2019Ocupaci\u00f3, Formaci\u00f3 i Educaci\u00f3 del Fons Social Europeu 2014-2020\u201d<\/strong><\/p>\r\n<p style=\"text-align: left;\">Aquesta convocat\u00f2ria estableix diferents accions de suport per a cada una de les cinc modalitats del programa:<\/p>\r\n<p style=\"text-align: left;\">L'Escola Joan Maragall de Sabadell hem estat seleccionats i hem centrar els nostres esfor\u00e7os en\u00a0 el\u00a0 projecte \" <strong>L'Art per la Conviv\u00e8ncia<\/strong> \"<\/p>\r\n<p style=\"text-align: left;\">El projecte t\u00e9 com a finalitat oferir la igualtat d\u2019acc\u00e9s a l'educaci\u00f3 art\u00edstica de la m\u00e0 de professionals d'aquest \u00e0mbit.<\/p>\r\n<p style=\"text-align: left;\">Far\u00e0 uns 10 anys que l'escola porta a terme el programa MUS-E\u00a0 ( reconegut per el departament d'educaci\u00f3 ) de la Fundaci\u00f3 Yehudi Menuhin.<\/p>\r\n<p style=\"text-align: left;\">Aquest programa es porta a terme amb el suport de l'Ajuntament de Sabadell dins del Pl\u00e0 d'entorn , i tamb\u00e9 gr\u00e0cies a la Fundaci\u00f3 .<\/p>\r\n<p style=\"text-align: left;\">Aquets any pretenem ampliar les hores MUS-E i al mateix temps mantenir els grups bombolla creat en temps de pand\u00e8mia .<\/p>\r\n<p style=\"text-align: left;\">L'objectiu del projecte \u00e9s per sobre de tot millorar les relacions interpersonals per aconseguir un bon nivell de conviv\u00e8ncia escolar, per tal de millorar el rendiment escolar i reduir l'absentisme. .<\/p>\r\n<p style=\"text-align: left;\">En el teatre i la dansa es treballa molt en equip i per tant els alumnes treballen col\u2022lectivament, hauran de respectar altres punts de vista ,aprendre a posar-se d\u2019acord , a prendre decisions , a trobar objectius comuns i treballar tots junts per aconseguir-los .<\/p>\r\n<a href=\"https:\/\/agora.xtec.cat\/esc-jmaragall-sabadell\/wp-content\/uploads\/usu1082\/2021\/03\/IMG-20210116-WA0002.jpg\"><img class=\"alignnone size-large wp-image-4554\" src=\"https:\/\/agora.xtec.cat\/esc-jmaragall-sabadell\/wp-content\/uploads\/usu1082\/2021\/03\/IMG-20210116-WA0002-724x1024.jpg\" alt=\"\" width=\"724\" height=\"1024\" \/><\/a>","link":"https:\/\/agora.xtec.cat\/esc-jmaragall-sabadell\/categoria\/muse\/","name":"MUS-E","slug":"muse","taxonomy":"category","parent":0,"meta":[],"_links":{"self":[{"href":"https:\/\/agora.xtec.cat\/esc-jmaragall-sabadell\/wp-json\/wp\/v2\/categories\/62","targetHints":{"allow":["GET"]}}],"collection":[{"href":"https:\/\/agora.xtec.cat\/esc-jmaragall-sabadell\/wp-json\/wp\/v2\/categories"}],"about":[{"href":"https:\/\/agora.xtec.cat\/esc-jmaragall-sabadell\/wp-json\/wp\/v2\/taxonomies\/category"}],"wp:post_type":[{"href":"https:\/\/agora.xtec.cat\/esc-jmaragall-sabadell\/wp-json\/wp\/v2\/posts?categories=62"}],"curies":[{"name":"wp","href":"https:\/\/api.w.org\/{rel}","templated":true}]}}