{"id":22600,"date":"2024-03-14T10:59:50","date_gmt":"2024-03-14T09:59:50","guid":{"rendered":"https:\/\/agora.xtec.cat\/esc-ignasiperaire\/?p=22600"},"modified":"2024-03-19T11:16:37","modified_gmt":"2024-03-19T10:16:37","slug":"art-compartit-amb-els-padrins-i-padrines-de-can-jaques","status":"publish","type":"post","link":"https:\/\/agora.xtec.cat\/esc-ignasiperaire\/cicles\/cicle-superior\/5e\/art-compartit-amb-els-padrins-i-padrines-de-can-jaques\/","title":{"rendered":"ART COMPARTIT AMB ELS PADRINS I PADRINES DE CAN JAQUES"},"content":{"rendered":"<p>Durant el mes de febrer i mar\u00e7 alguns alumnes de 5\u00e8 hem pogut tornar a visitar i compartir una estona molt enriquidora amb els padrins i padrines de la Resid\u00e8ncia Can Jaques de Mollerussa.<\/p>\n<p>En aquestes estones vam fer parelles entre infants i padrins on van crear petites obres d&#8217;art amb aquarel\u00b7les. Els nens i nenes dibuixaven i entre tots i totes les pintaven.<\/p>\n<p>Cal dir que s&#8217;ho van passar molt b\u00e9 i l&#8217;ajuda m\u00fatua va sorgir pe si sola.<\/p>\n<p>Mireu, mireu&#8230;<\/p>\n<p><a href=\"https:\/\/drive.google.com\/drive\/folders\/1CeS7L8gpxlQYpFWe1ziy696HxJ8bIZaD?usp=sharing\"><img loading=\"lazy\" decoding=\"async\" class=\"wp-image-22601 aligncenter\" src=\"https:\/\/agora.xtec.cat\/esc-ignasiperaire\/wp-content\/uploads\/usu1735\/2024\/03\/IMG-20240310-WA0032-1-1024x768.jpg\" alt=\"\" width=\"584\" height=\"438\" srcset=\"https:\/\/agora.xtec.cat\/esc-ignasiperaire\/wp-content\/uploads\/usu1735\/2024\/03\/IMG-20240310-WA0032-1-1024x768.jpg 1024w, https:\/\/agora.xtec.cat\/esc-ignasiperaire\/wp-content\/uploads\/usu1735\/2024\/03\/IMG-20240310-WA0032-1-300x225.jpg 300w, https:\/\/agora.xtec.cat\/esc-ignasiperaire\/wp-content\/uploads\/usu1735\/2024\/03\/IMG-20240310-WA0032-1-768x576.jpg 768w, https:\/\/agora.xtec.cat\/esc-ignasiperaire\/wp-content\/uploads\/usu1735\/2024\/03\/IMG-20240310-WA0032-1-1536x1152.jpg 1536w, https:\/\/agora.xtec.cat\/esc-ignasiperaire\/wp-content\/uploads\/usu1735\/2024\/03\/IMG-20240310-WA0032-1-200x150.jpg 200w, https:\/\/agora.xtec.cat\/esc-ignasiperaire\/wp-content\/uploads\/usu1735\/2024\/03\/IMG-20240310-WA0032-1.jpg 1600w\" sizes=\"auto, (max-width: 584px) 100vw, 584px\" \/><\/a><\/p>\n","protected":false},"excerpt":{"rendered":"<p>Durant el mes de febrer i mar\u00e7 alguns alumnes de 5\u00e8 hem pogut tornar a visitar i compartir una estona molt enriquidora amb els padrins i padrines de la Resid\u00e8ncia Can Jaques de Mollerussa. En aquestes estones vam fer parelles entre infants i padrins on van crear petites obres d&#8217;art amb aquarel\u00b7les. Els nens i [&hellip;]<\/p>\n","protected":false},"author":41,"featured_media":0,"comment_status":"open","ping_status":"closed","sticky":false,"template":"","format":"standard","meta":{"_bbp_topic_count":0,"_bbp_reply_count":0,"_bbp_total_topic_count":0,"_bbp_total_reply_count":0,"_bbp_voice_count":0,"_bbp_anonymous_reply_count":0,"_bbp_topic_count_hidden":0,"_bbp_reply_count_hidden":0,"_bbp_forum_subforum_count":0,"site-sidebar-layout":"default","site-content-layout":"","ast-site-content-layout":"","site-content-style":"default","site-sidebar-style":"default","ast-global-header-display":"","ast-banner-title-visibility":"","ast-main-header-display":"","ast-hfb-above-header-display":"","ast-hfb-below-header-display":"","ast-hfb-mobile-header-display":"","site-post-title":"","ast-breadcrumbs-content":"","ast-featured-img":"","footer-sml-layout":"","theme-transparent-header-meta":"","adv-header-id-meta":"","stick-header-meta":"","header-above-stick-meta":"","header-main-stick-meta":"","header-below-stick-meta":"","astra-migrate-meta-layouts":"default","ast-page-background-enabled":"default","ast-page-background-meta":{"desktop":{"background-color":"var(--ast-global-color-4)","background-image":"","background-repeat":"repeat","background-position":"center center","background-size":"auto","background-attachment":"scroll","background-type":"","background-media":"","overlay-type":"","overlay-color":"","overlay-opacity":"","overlay-gradient":""},"tablet":{"background-color":"","background-image":"","background-repeat":"repeat","background-position":"center center","background-size":"auto","background-attachment":"scroll","background-type":"","background-media":"","overlay-type":"","overlay-color":"","overlay-opacity":"","overlay-gradient":""},"mobile":{"background-color":"","background-image":"","background-repeat":"repeat","background-position":"center center","background-size":"auto","background-attachment":"scroll","background-type":"","background-media":"","overlay-type":"","overlay-color":"","overlay-opacity":"","overlay-gradient":""}},"ast-content-background-meta":{"desktop":{"background-color":"var(--ast-global-color-5)","background-image":"","background-repeat":"repeat","background-position":"center center","background-size":"auto","background-attachment":"scroll","background-type":"","background-media":"","overlay-type":"","overlay-color":"","overlay-opacity":"","overlay-gradient":""},"tablet":{"background-color":"var(--ast-global-color-5)","background-image":"","background-repeat":"repeat","background-position":"center center","background-size":"auto","background-attachment":"scroll","background-type":"","background-media":"","overlay-type":"","overlay-color":"","overlay-opacity":"","overlay-gradient":""},"mobile":{"background-color":"var(--ast-global-color-5)","background-image":"","background-repeat":"repeat","background-position":"center center","background-size":"auto","background-attachment":"scroll","background-type":"","background-media":"","overlay-type":"","overlay-color":"","overlay-opacity":"","overlay-gradient":""}},"footnotes":""},"categories":[82,14,15,62],"tags":[],"class_list":["post-22600","post","type-post","status-publish","format-standard","hentry","category-5-cicle-superior","category-5e","category-6e","category-cicle-superior"],"post_mailing_queue_ids":[],"_links":{"self":[{"href":"https:\/\/agora.xtec.cat\/esc-ignasiperaire\/wp-json\/wp\/v2\/posts\/22600","targetHints":{"allow":["GET"]}}],"collection":[{"href":"https:\/\/agora.xtec.cat\/esc-ignasiperaire\/wp-json\/wp\/v2\/posts"}],"about":[{"href":"https:\/\/agora.xtec.cat\/esc-ignasiperaire\/wp-json\/wp\/v2\/types\/post"}],"author":[{"embeddable":true,"href":"https:\/\/agora.xtec.cat\/esc-ignasiperaire\/wp-json\/wp\/v2\/users\/41"}],"replies":[{"embeddable":true,"href":"https:\/\/agora.xtec.cat\/esc-ignasiperaire\/wp-json\/wp\/v2\/comments?post=22600"}],"version-history":[{"count":1,"href":"https:\/\/agora.xtec.cat\/esc-ignasiperaire\/wp-json\/wp\/v2\/posts\/22600\/revisions"}],"predecessor-version":[{"id":22602,"href":"https:\/\/agora.xtec.cat\/esc-ignasiperaire\/wp-json\/wp\/v2\/posts\/22600\/revisions\/22602"}],"wp:attachment":[{"href":"https:\/\/agora.xtec.cat\/esc-ignasiperaire\/wp-json\/wp\/v2\/media?parent=22600"}],"wp:term":[{"taxonomy":"category","embeddable":true,"href":"https:\/\/agora.xtec.cat\/esc-ignasiperaire\/wp-json\/wp\/v2\/categories?post=22600"},{"taxonomy":"post_tag","embeddable":true,"href":"https:\/\/agora.xtec.cat\/esc-ignasiperaire\/wp-json\/wp\/v2\/tags?post=22600"}],"curies":[{"name":"wp","href":"https:\/\/api.w.org\/{rel}","templated":true}]}}