{"id":4489,"date":"2026-03-23T09:24:23","date_gmt":"2026-03-23T08:24:23","guid":{"rendered":"https:\/\/agora.xtec.cat\/esc-enxaneta\/?p=4489"},"modified":"2026-03-23T09:24:24","modified_gmt":"2026-03-23T08:24:24","slug":"lalumnat-de-3r-descobreix-lajuntament-de-terrassa","status":"publish","type":"post","link":"https:\/\/agora.xtec.cat\/esc-enxaneta\/general\/lalumnat-de-3r-descobreix-lajuntament-de-terrassa\/","title":{"rendered":"L&#8217;alumnat de 3r descobreix l\u2019Ajuntament de Terrassa"},"content":{"rendered":"\n<p>Els alumnes de <strong>tercer de prim\u00e0ria<\/strong> vam anar a visitar l\u2019<strong>Ajuntament de Terrassa<\/strong>, una sortida molt especial que ens va permetre con\u00e8ixer millor la nostra ciutat i el seu funcionament.<\/p>\n\n\n\n<p>Durant la visita, ens van explicar les <strong>caracter\u00edstiques de l\u2019edifici<\/strong>, constru\u00eft l\u2019any <strong>1903<\/strong> per l\u2019arquitecte modernista&nbsp; <strong>Llu\u00eds Muncunill<\/strong>, i vam descobrir alguns dels seus espais m\u00e9s emblem\u00e0tics. Tamb\u00e9 vam aprendre <strong>qu\u00e8 es fa des de l\u2019Ajuntament per la ciutat<\/strong>, com funcionen els <strong>plens municipals<\/strong> i com es prenen les decisions que afecten els ciutadans i ciutadanes de Terrassa.<\/p>\n\n\n\n<p>Un dels moments m\u00e9s emocionants va ser quan <strong>ens va rebre l\u2019alcalde<\/strong>, que ens va ensenyar el seu <strong>despatx<\/strong> i va respondre amb molta amabilitat i inter\u00e8s totes les preguntes que li vam fer sobre la seva feina al capdavant de l\u2019Ajuntament.<\/p>\n\n\n\n<p>Per acabar la visita, vam sortir al <strong>balc\u00f3 de l\u2019Ajuntament amb l\u2019alcalde<\/strong>, des d\u2019on vam poder veure i saludar les persones que passaven per davant.<\/p>\n\n\n\n<p>Va ser una <strong>experi\u00e8ncia molt bonica i enriquidora<\/strong> que ens va ajudar a entendre millor com funciona la ciutat i el paper de les institucions municipals.<\/p>\n\n\n\n<p><em>&#8211; \u201cAra entenem millor com funciona Terrassa.\u201d<\/em><\/p>\n\n\n\n<div class=\"wp-block-getwid-images-slider has-arrows-inside has-dots-inside has-images-center has-fitted-images\"><div class=\"wp-block-getwid-images-slider__wrapper\" data-effect=\"slide\" data-slides-show=\"1\" data-slides-show-laptop=\"1\" data-slides-show-tablet=\"1\" data-slides-show-mobile=\"1\" data-slides-scroll=\"1\" data-autoplay=\"false\" data-pause-hover=\"false\" data-autoplay-speed=\"6000\" data-infinite=\"true\" data-animation-speed=\"800\" data-center-mode=\"false\" data-variable-width=\"false\" data-arrows=\"inside\" data-dots=\"inside\" data-spacing=\"none\"><div class=\"wp-block-getwid-images-slider__item\"><figure><img loading=\"lazy\" decoding=\"async\" width=\"768\" height=\"1024\" src=\"https:\/\/agora.xtec.cat\/esc-enxaneta\/wp-content\/uploads\/usu1960\/2026\/03\/IMG_1760-1-1-rotated.jpg\" alt=\"\" data-id=\"4491\" data-link=\"https:\/\/agora.xtec.cat\/esc-enxaneta\/?attachment_id=4491\" data-original-link=\"https:\/\/agora.xtec.cat\/esc-enxaneta\/wp-content\/uploads\/usu1960\/2026\/03\/IMG_1760-1-1-rotated.jpg\" class=\"wp-block-getwid-images-slider__image wp-image-4491\" srcset=\"https:\/\/agora.xtec.cat\/esc-enxaneta\/wp-content\/uploads\/usu1960\/2026\/03\/IMG_1760-1-1-rotated.jpg 768w, https:\/\/agora.xtec.cat\/esc-enxaneta\/wp-content\/uploads\/usu1960\/2026\/03\/IMG_1760-1-1-225x300.jpg 225w\" sizes=\"auto, (max-width: 768px) 100vw, 768px\" \/><\/figure><\/div><div class=\"wp-block-getwid-images-slider__item\"><figure><img loading=\"lazy\" decoding=\"async\" width=\"1024\" height=\"577\" src=\"https:\/\/agora.xtec.cat\/esc-enxaneta\/wp-content\/uploads\/usu1960\/2026\/03\/20260129_113215-1.jpg\" alt=\"\" data-id=\"4492\" data-link=\"https:\/\/agora.xtec.cat\/esc-enxaneta\/?attachment_id=4492\" data-original-link=\"https:\/\/agora.xtec.cat\/esc-enxaneta\/wp-content\/uploads\/usu1960\/2026\/03\/20260129_113215-1.jpg\" class=\"wp-block-getwid-images-slider__image wp-image-4492\" srcset=\"https:\/\/agora.xtec.cat\/esc-enxaneta\/wp-content\/uploads\/usu1960\/2026\/03\/20260129_113215-1.jpg 1024w, https:\/\/agora.xtec.cat\/esc-enxaneta\/wp-content\/uploads\/usu1960\/2026\/03\/20260129_113215-1-300x169.jpg 300w, https:\/\/agora.xtec.cat\/esc-enxaneta\/wp-content\/uploads\/usu1960\/2026\/03\/20260129_113215-1-768x433.jpg 768w\" sizes=\"auto, (max-width: 1024px) 100vw, 1024px\" \/><\/figure><\/div><\/div><\/div>\n","protected":false},"excerpt":{"rendered":"<p>Els alumnes de tercer de prim\u00e0ria vam anar a visitar l\u2019Ajuntament de Terrassa, una sortida molt especial que ens va permetre con\u00e8ixer millor la nostra ciutat i el seu funcionament. Durant la visita, ens van explicar les caracter\u00edstiques de l\u2019edifici, constru\u00eft l\u2019any 1903 per l\u2019arquitecte modernista&nbsp; Llu\u00eds Muncunill, i vam descobrir alguns dels seus espais [&hellip;]<\/p>\n","protected":false},"author":1,"featured_media":4491,"comment_status":"open","ping_status":"open","sticky":false,"template":"","format":"standard","meta":{"_bbp_topic_count":0,"_bbp_reply_count":0,"_bbp_total_topic_count":0,"_bbp_total_reply_count":0,"_bbp_voice_count":0,"_bbp_anonymous_reply_count":0,"_bbp_topic_count_hidden":0,"_bbp_reply_count_hidden":0,"_bbp_forum_subforum_count":0,"site-sidebar-layout":"default","site-content-layout":"","ast-site-content-layout":"default","site-content-style":"default","site-sidebar-style":"default","ast-global-header-display":"","ast-banner-title-visibility":"","ast-main-header-display":"","ast-hfb-above-header-display":"","ast-hfb-below-header-display":"","ast-hfb-mobile-header-display":"","site-post-title":"","ast-breadcrumbs-content":"","ast-featured-img":"","footer-sml-layout":"","theme-transparent-header-meta":"","adv-header-id-meta":"","stick-header-meta":"","header-above-stick-meta":"","header-main-stick-meta":"","header-below-stick-meta":"","astra-migrate-meta-layouts":"set","ast-page-background-enabled":"default","ast-page-background-meta":{"desktop":{"background-color":"var(--ast-global-color-4)","background-image":"","background-repeat":"repeat","background-position":"center center","background-size":"auto","background-attachment":"scroll","background-type":"","background-media":"","overlay-type":"","overlay-color":"","overlay-opacity":"","overlay-gradient":""},"tablet":{"background-color":"","background-image":"","background-repeat":"repeat","background-position":"center center","background-size":"auto","background-attachment":"scroll","background-type":"","background-media":"","overlay-type":"","overlay-color":"","overlay-opacity":"","overlay-gradient":""},"mobile":{"background-color":"","background-image":"","background-repeat":"repeat","background-position":"center center","background-size":"auto","background-attachment":"scroll","background-type":"","background-media":"","overlay-type":"","overlay-color":"","overlay-opacity":"","overlay-gradient":""}},"ast-content-background-meta":{"desktop":{"background-color":"var(--ast-global-color-5)","background-image":"","background-repeat":"repeat","background-position":"center center","background-size":"auto","background-attachment":"scroll","background-type":"","background-media":"","overlay-type":"","overlay-color":"","overlay-opacity":"","overlay-gradient":""},"tablet":{"background-color":"var(--ast-global-color-5)","background-image":"","background-repeat":"repeat","background-position":"center center","background-size":"auto","background-attachment":"scroll","background-type":"","background-media":"","overlay-type":"","overlay-color":"","overlay-opacity":"","overlay-gradient":""},"mobile":{"background-color":"var(--ast-global-color-5)","background-image":"","background-repeat":"repeat","background-position":"center center","background-size":"auto","background-attachment":"scroll","background-type":"","background-media":"","overlay-type":"","overlay-color":"","overlay-opacity":"","overlay-gradient":""}},"footnotes":""},"categories":[72,1,4],"tags":[],"class_list":["post-4489","post","type-post","status-publish","format-standard","has-post-thumbnail","hentry","category-cicle-mitja","category-general","category-portada"],"post_mailing_queue_ids":[],"_links":{"self":[{"href":"https:\/\/agora.xtec.cat\/esc-enxaneta\/wp-json\/wp\/v2\/posts\/4489","targetHints":{"allow":["GET"]}}],"collection":[{"href":"https:\/\/agora.xtec.cat\/esc-enxaneta\/wp-json\/wp\/v2\/posts"}],"about":[{"href":"https:\/\/agora.xtec.cat\/esc-enxaneta\/wp-json\/wp\/v2\/types\/post"}],"author":[{"embeddable":true,"href":"https:\/\/agora.xtec.cat\/esc-enxaneta\/wp-json\/wp\/v2\/users\/1"}],"replies":[{"embeddable":true,"href":"https:\/\/agora.xtec.cat\/esc-enxaneta\/wp-json\/wp\/v2\/comments?post=4489"}],"version-history":[{"count":1,"href":"https:\/\/agora.xtec.cat\/esc-enxaneta\/wp-json\/wp\/v2\/posts\/4489\/revisions"}],"predecessor-version":[{"id":4493,"href":"https:\/\/agora.xtec.cat\/esc-enxaneta\/wp-json\/wp\/v2\/posts\/4489\/revisions\/4493"}],"wp:featuredmedia":[{"embeddable":true,"href":"https:\/\/agora.xtec.cat\/esc-enxaneta\/wp-json\/wp\/v2\/media\/4491"}],"wp:attachment":[{"href":"https:\/\/agora.xtec.cat\/esc-enxaneta\/wp-json\/wp\/v2\/media?parent=4489"}],"wp:term":[{"taxonomy":"category","embeddable":true,"href":"https:\/\/agora.xtec.cat\/esc-enxaneta\/wp-json\/wp\/v2\/categories?post=4489"},{"taxonomy":"post_tag","embeddable":true,"href":"https:\/\/agora.xtec.cat\/esc-enxaneta\/wp-json\/wp\/v2\/tags?post=4489"}],"curies":[{"name":"wp","href":"https:\/\/api.w.org\/{rel}","templated":true}]}}