{"id":4486,"date":"2026-03-23T09:14:51","date_gmt":"2026-03-23T08:14:51","guid":{"rendered":"https:\/\/agora.xtec.cat\/esc-enxaneta\/?p=4486"},"modified":"2026-03-23T09:14:52","modified_gmt":"2026-03-23T08:14:52","slug":"8m-dia-de-la-dona","status":"publish","type":"post","link":"https:\/\/agora.xtec.cat\/esc-enxaneta\/general\/8m-dia-de-la-dona\/","title":{"rendered":"8M DIA DE LA DONA"},"content":{"rendered":"\n<p>Dilluns 9 de mar\u00e7 es va celebrar a l\u2019Enxaneta el Dia Internacional de les Dones.\u00a0<\/p>\n\n\n\n<p>La directora de l\u2019escola juntament amb la CoCobe van llegir un manifest davant de totes les nenes i nens a la pista. Seguidament, l\u2019alumnat de 6\u00e8 van llegir un fragment del llibre \u2018Nenes i nens feministes\u2019 de Blanca Lacasa i Luis Amavisca amb il\u00b7lustracions de Gusti.\u00a0<\/p>\n\n\n\n<p>Va ser un dia per recordar i lluitar pels drets de totes les dones, que encara avui, s\u2019enfronten a desigualtats i discriminaci\u00f3 arreu del m\u00f3n. Els drets i les llibertats de les dones s\u00f3n fruit de d\u00e8cades de lluita i del comprom\u00eds de generacions que han obert cam\u00ed.\u00a0<\/p>\n\n\n\n<p>A l\u2019escola, volem aprofitar aquesta data per reflexionar sobre la import\u00e0ncia de la igualtat entre homes i dones i per construir un futur m\u00e9s just i respectu\u00f3s per a tothom.<\/p>\n\n\n\n<p>Vam acabar cantant tot junts la can\u00e7\u00f3 \u201cUn m\u00f3n m\u00e9s real\u201d de La Clika.<\/p>\n\n\n\n<figure class=\"wp-block-image size-full is-resized\"><a href=\"https:\/\/agora.xtec.cat\/esc-enxaneta\/wp-content\/uploads\/usu1960\/2026\/03\/IMG_8233-1.jpg\"><img loading=\"lazy\" decoding=\"async\" width=\"1024\" height=\"853\" src=\"https:\/\/agora.xtec.cat\/esc-enxaneta\/wp-content\/uploads\/usu1960\/2026\/03\/IMG_8233-1.jpg\" alt=\"\" class=\"wp-image-4487\" style=\"width:503px;height:auto\" srcset=\"https:\/\/agora.xtec.cat\/esc-enxaneta\/wp-content\/uploads\/usu1960\/2026\/03\/IMG_8233-1.jpg 1024w, https:\/\/agora.xtec.cat\/esc-enxaneta\/wp-content\/uploads\/usu1960\/2026\/03\/IMG_8233-1-300x250.jpg 300w, https:\/\/agora.xtec.cat\/esc-enxaneta\/wp-content\/uploads\/usu1960\/2026\/03\/IMG_8233-1-768x640.jpg 768w\" sizes=\"auto, (max-width: 1024px) 100vw, 1024px\" \/><\/a><\/figure>\n\n\n\n<p><\/p>\n","protected":false},"excerpt":{"rendered":"<p>Dilluns 9 de mar\u00e7 es va celebrar a l\u2019Enxaneta el Dia Internacional de les Dones.\u00a0 La directora de l\u2019escola juntament amb la CoCobe van llegir un manifest davant de totes les nenes i nens a la pista. Seguidament, l\u2019alumnat de 6\u00e8 van llegir un fragment del llibre \u2018Nenes i nens feministes\u2019 de Blanca Lacasa i [&hellip;]<\/p>\n","protected":false},"author":1,"featured_media":4487,"comment_status":"open","ping_status":"open","sticky":false,"template":"","format":"standard","meta":{"_bbp_topic_count":0,"_bbp_reply_count":0,"_bbp_total_topic_count":0,"_bbp_total_reply_count":0,"_bbp_voice_count":0,"_bbp_anonymous_reply_count":0,"_bbp_topic_count_hidden":0,"_bbp_reply_count_hidden":0,"_bbp_forum_subforum_count":0,"site-sidebar-layout":"default","site-content-layout":"","ast-site-content-layout":"default","site-content-style":"default","site-sidebar-style":"default","ast-global-header-display":"","ast-banner-title-visibility":"","ast-main-header-display":"","ast-hfb-above-header-display":"","ast-hfb-below-header-display":"","ast-hfb-mobile-header-display":"","site-post-title":"","ast-breadcrumbs-content":"","ast-featured-img":"","footer-sml-layout":"","theme-transparent-header-meta":"","adv-header-id-meta":"","stick-header-meta":"","header-above-stick-meta":"","header-main-stick-meta":"","header-below-stick-meta":"","astra-migrate-meta-layouts":"set","ast-page-background-enabled":"default","ast-page-background-meta":{"desktop":{"background-color":"var(--ast-global-color-4)","background-image":"","background-repeat":"repeat","background-position":"center center","background-size":"auto","background-attachment":"scroll","background-type":"","background-media":"","overlay-type":"","overlay-color":"","overlay-opacity":"","overlay-gradient":""},"tablet":{"background-color":"","background-image":"","background-repeat":"repeat","background-position":"center center","background-size":"auto","background-attachment":"scroll","background-type":"","background-media":"","overlay-type":"","overlay-color":"","overlay-opacity":"","overlay-gradient":""},"mobile":{"background-color":"","background-image":"","background-repeat":"repeat","background-position":"center center","background-size":"auto","background-attachment":"scroll","background-type":"","background-media":"","overlay-type":"","overlay-color":"","overlay-opacity":"","overlay-gradient":""}},"ast-content-background-meta":{"desktop":{"background-color":"var(--ast-global-color-5)","background-image":"","background-repeat":"repeat","background-position":"center center","background-size":"auto","background-attachment":"scroll","background-type":"","background-media":"","overlay-type":"","overlay-color":"","overlay-opacity":"","overlay-gradient":""},"tablet":{"background-color":"var(--ast-global-color-5)","background-image":"","background-repeat":"repeat","background-position":"center center","background-size":"auto","background-attachment":"scroll","background-type":"","background-media":"","overlay-type":"","overlay-color":"","overlay-opacity":"","overlay-gradient":""},"mobile":{"background-color":"var(--ast-global-color-5)","background-image":"","background-repeat":"repeat","background-position":"center center","background-size":"auto","background-attachment":"scroll","background-type":"","background-media":"","overlay-type":"","overlay-color":"","overlay-opacity":"","overlay-gradient":""}},"footnotes":""},"categories":[1,2,4,5],"tags":[],"class_list":["post-4486","post","type-post","status-publish","format-standard","has-post-thumbnail","hentry","category-general","category-infantil","category-portada","category-primaria"],"post_mailing_queue_ids":[],"_links":{"self":[{"href":"https:\/\/agora.xtec.cat\/esc-enxaneta\/wp-json\/wp\/v2\/posts\/4486","targetHints":{"allow":["GET"]}}],"collection":[{"href":"https:\/\/agora.xtec.cat\/esc-enxaneta\/wp-json\/wp\/v2\/posts"}],"about":[{"href":"https:\/\/agora.xtec.cat\/esc-enxaneta\/wp-json\/wp\/v2\/types\/post"}],"author":[{"embeddable":true,"href":"https:\/\/agora.xtec.cat\/esc-enxaneta\/wp-json\/wp\/v2\/users\/1"}],"replies":[{"embeddable":true,"href":"https:\/\/agora.xtec.cat\/esc-enxaneta\/wp-json\/wp\/v2\/comments?post=4486"}],"version-history":[{"count":1,"href":"https:\/\/agora.xtec.cat\/esc-enxaneta\/wp-json\/wp\/v2\/posts\/4486\/revisions"}],"predecessor-version":[{"id":4488,"href":"https:\/\/agora.xtec.cat\/esc-enxaneta\/wp-json\/wp\/v2\/posts\/4486\/revisions\/4488"}],"wp:featuredmedia":[{"embeddable":true,"href":"https:\/\/agora.xtec.cat\/esc-enxaneta\/wp-json\/wp\/v2\/media\/4487"}],"wp:attachment":[{"href":"https:\/\/agora.xtec.cat\/esc-enxaneta\/wp-json\/wp\/v2\/media?parent=4486"}],"wp:term":[{"taxonomy":"category","embeddable":true,"href":"https:\/\/agora.xtec.cat\/esc-enxaneta\/wp-json\/wp\/v2\/categories?post=4486"},{"taxonomy":"post_tag","embeddable":true,"href":"https:\/\/agora.xtec.cat\/esc-enxaneta\/wp-json\/wp\/v2\/tags?post=4486"}],"curies":[{"name":"wp","href":"https:\/\/api.w.org\/{rel}","templated":true}]}}