{"id":991,"date":"2018-02-27T17:50:27","date_gmt":"2018-02-27T16:50:27","guid":{"rendered":"http:\/\/agora.xtec.cat\/esc-elpalau\/?p=991"},"modified":"2018-02-27T17:53:56","modified_gmt":"2018-02-27T16:53:56","slug":"previsio-de-neu-dimecres-28","status":"publish","type":"post","link":"https:\/\/agora.xtec.cat\/esc-elpalau\/general\/previsio-de-neu-dimecres-28\/","title":{"rendered":"Previsi\u00f3 de neu dimecres 28"},"content":{"rendered":"<p>Segons les informacions de Protecci\u00f3 Civil les previsions meteorol\u00f2giques han empitjorat per dem\u00e0 dimecres 28 i per tant s&#8217;ha d&#8217;evitar al m\u00e0xim l&#8217;\u00fas del vehicles.<\/p>\n<p>En cas que dem\u00e0 la neu hagi quallat al municipi i aix\u00f2 suposi dificultats per arribar tant del professorat com de l&#8217;alumnat al centre, no es podr\u00e0 garantir l&#8217;activitat acad\u00e8mica normalitzada. Per tant <span style=\"color: #0000ff;\">el centre romandr\u00e0 obert amb serveis m\u00ednims.<\/span><\/p>\n","protected":false},"excerpt":{"rendered":"<p>Segons les informacions de Protecci\u00f3 Civil les previsions meteorol\u00f2giques han empitjorat per dem\u00e0 dimecres 28 i per tant s&#8217;ha d&#8217;evitar al m\u00e0xim l&#8217;\u00fas del vehicles.<br \/>\nEn cas que dem\u00e0 la neu hagi quallat al municipi i aix\u00f2 suposi dificultats per arribar tant del professorat com de&hellip;  <a href=\"https:\/\/agora.xtec.cat\/esc-elpalau\/general\/previsio-de-neu-dimecres-28\/\" title=\"Read Previsi\u00f3 de neu dimecres 28\">Llegeix m\u00e9s\u00bb<\/a><\/p>\n","protected":false},"author":1,"featured_media":0,"comment_status":"open","ping_status":"closed","sticky":false,"template":"","format":"standard","meta":{"_bbp_topic_count":0,"_bbp_reply_count":0,"_bbp_total_topic_count":0,"_bbp_total_reply_count":0,"_bbp_voice_count":0,"_bbp_anonymous_reply_count":0,"_bbp_topic_count_hidden":0,"_bbp_reply_count_hidden":0,"_bbp_forum_subforum_count":0,"footnotes":""},"categories":[1,4,5],"tags":[],"class_list":["post-991","post","type-post","status-publish","format-standard","hentry","category-general","category-portada","category-primaria"],"post_mailing_queue_ids":[],"_links":{"self":[{"href":"https:\/\/agora.xtec.cat\/esc-elpalau\/wp-json\/wp\/v2\/posts\/991","targetHints":{"allow":["GET"]}}],"collection":[{"href":"https:\/\/agora.xtec.cat\/esc-elpalau\/wp-json\/wp\/v2\/posts"}],"about":[{"href":"https:\/\/agora.xtec.cat\/esc-elpalau\/wp-json\/wp\/v2\/types\/post"}],"author":[{"embeddable":true,"href":"https:\/\/agora.xtec.cat\/esc-elpalau\/wp-json\/wp\/v2\/users\/1"}],"replies":[{"embeddable":true,"href":"https:\/\/agora.xtec.cat\/esc-elpalau\/wp-json\/wp\/v2\/comments?post=991"}],"version-history":[{"count":3,"href":"https:\/\/agora.xtec.cat\/esc-elpalau\/wp-json\/wp\/v2\/posts\/991\/revisions"}],"predecessor-version":[{"id":995,"href":"https:\/\/agora.xtec.cat\/esc-elpalau\/wp-json\/wp\/v2\/posts\/991\/revisions\/995"}],"wp:attachment":[{"href":"https:\/\/agora.xtec.cat\/esc-elpalau\/wp-json\/wp\/v2\/media?parent=991"}],"wp:term":[{"taxonomy":"category","embeddable":true,"href":"https:\/\/agora.xtec.cat\/esc-elpalau\/wp-json\/wp\/v2\/categories?post=991"},{"taxonomy":"post_tag","embeddable":true,"href":"https:\/\/agora.xtec.cat\/esc-elpalau\/wp-json\/wp\/v2\/tags?post=991"}],"curies":[{"name":"wp","href":"https:\/\/api.w.org\/{rel}","templated":true}]}}