{"id":957,"date":"2018-02-14T09:44:37","date_gmt":"2018-02-14T08:44:37","guid":{"rendered":"http:\/\/agora.xtec.cat\/esc-elpalau\/?p=957"},"modified":"2018-02-27T21:36:54","modified_gmt":"2018-02-27T20:36:54","slug":"portes-obertes-24-de-febrer","status":"publish","type":"post","link":"https:\/\/agora.xtec.cat\/esc-elpalau\/general\/portes-obertes-24-de-febrer\/","title":{"rendered":"Portes obertes 24 de Febrer"},"content":{"rendered":"<header class=\"entry-header\"><span style=\"color: #0b0120;\">\u00a0<\/span><\/header>\n<div class=\"entry-content\">\n<div class=\"entry-content\">\n<p>Properament s&#8217;iniciar\u00e0 la preinscripci\u00f3 escolar pel curs 2018-2019 i volem que tots aquells interessats us apropeu a con\u00e9ixer la nostra escola.\u00a0 El <strong>dissabte 24 de febrer a les 10h del mat\u00ed<\/strong> farem les portes obertes. Hi haur\u00e0 servei d\u2019acollida pels petits.<\/p>\n<p><img loading=\"lazy\" decoding=\"async\" class=\"size-large aligncenter\" src=\"http:\/\/blocs.xtec.cat\/elpalau\/files\/2017\/02\/Benvinguts.jpg\" width=\"650\" height=\"366\" \/><\/p>\n<\/div>\n<\/div>\n<p>A m\u00e9s a m\u00e9s us convidem a veure l&#8217;escola en funcionament la tarda del 26 de febrer a les 15h i\u00a0 els matins del 27- 28 de febrer a les 9:30h. Tamb\u00e9 us podeu posar en contacte amb el centre per concretar un altre horari.<\/p>\n","protected":false},"excerpt":{"rendered":"<p>\u00a0<\/p>\n<p>Properament s&#8217;iniciar\u00e0 la preinscripci\u00f3 escolar pel curs 2018-2019 i volem que tots aquells interessats us apropeu a con\u00e9ixer la nostra escola.\u00a0 El dissabte 24 de febrer a les 10h del mat\u00ed farem les portes obertes. Hi haur\u00e0 servei d\u2019acollida pels petits.<\/p>\n<p>A m\u00e9s a m\u00e9s us&hellip;  <a href=\"https:\/\/agora.xtec.cat\/esc-elpalau\/general\/portes-obertes-24-de-febrer\/\" title=\"Read Portes obertes 24 de Febrer\">Llegeix m\u00e9s\u00bb<\/a><\/p>\n","protected":false},"author":1,"featured_media":958,"comment_status":"open","ping_status":"closed","sticky":false,"template":"","format":"standard","meta":{"_bbp_topic_count":0,"_bbp_reply_count":0,"_bbp_total_topic_count":0,"_bbp_total_reply_count":0,"_bbp_voice_count":0,"_bbp_anonymous_reply_count":0,"_bbp_topic_count_hidden":0,"_bbp_reply_count_hidden":0,"_bbp_forum_subforum_count":0,"footnotes":""},"categories":[1,4],"tags":[108],"class_list":["post-957","post","type-post","status-publish","format-standard","has-post-thumbnail","hentry","category-general","category-portada","tag-portes-obertes"],"post_mailing_queue_ids":[],"_links":{"self":[{"href":"https:\/\/agora.xtec.cat\/esc-elpalau\/wp-json\/wp\/v2\/posts\/957","targetHints":{"allow":["GET"]}}],"collection":[{"href":"https:\/\/agora.xtec.cat\/esc-elpalau\/wp-json\/wp\/v2\/posts"}],"about":[{"href":"https:\/\/agora.xtec.cat\/esc-elpalau\/wp-json\/wp\/v2\/types\/post"}],"author":[{"embeddable":true,"href":"https:\/\/agora.xtec.cat\/esc-elpalau\/wp-json\/wp\/v2\/users\/1"}],"replies":[{"embeddable":true,"href":"https:\/\/agora.xtec.cat\/esc-elpalau\/wp-json\/wp\/v2\/comments?post=957"}],"version-history":[{"count":2,"href":"https:\/\/agora.xtec.cat\/esc-elpalau\/wp-json\/wp\/v2\/posts\/957\/revisions"}],"predecessor-version":[{"id":960,"href":"https:\/\/agora.xtec.cat\/esc-elpalau\/wp-json\/wp\/v2\/posts\/957\/revisions\/960"}],"wp:featuredmedia":[{"embeddable":true,"href":"https:\/\/agora.xtec.cat\/esc-elpalau\/wp-json\/wp\/v2\/media\/958"}],"wp:attachment":[{"href":"https:\/\/agora.xtec.cat\/esc-elpalau\/wp-json\/wp\/v2\/media?parent=957"}],"wp:term":[{"taxonomy":"category","embeddable":true,"href":"https:\/\/agora.xtec.cat\/esc-elpalau\/wp-json\/wp\/v2\/categories?post=957"},{"taxonomy":"post_tag","embeddable":true,"href":"https:\/\/agora.xtec.cat\/esc-elpalau\/wp-json\/wp\/v2\/tags?post=957"}],"curies":[{"name":"wp","href":"https:\/\/api.w.org\/{rel}","templated":true}]}}