{"id":775,"date":"2017-05-18T16:16:48","date_gmt":"2017-05-18T14:16:48","guid":{"rendered":"http:\/\/agora.xtec.cat\/esc-elpalau\/?p=775"},"modified":"2018-01-08T16:17:40","modified_gmt":"2018-01-08T15:17:40","slug":"visita-al-museu-miro","status":"publish","type":"post","link":"https:\/\/agora.xtec.cat\/esc-elpalau\/general\/visita-al-museu-miro\/","title":{"rendered":"VISITA AL MUSEU MIR\u00d3"},"content":{"rendered":"<p>El passat dimecres, 17 de maig, els alumnes d&#8217;Ed. Infantil vam visitar el Museu Mir\u00f3.<br \/>\nPr\u00e8viament a la classe ja hav\u00edem descobert aspectes de la seva obra per\u00f2 al museu vam aprendre molts detalls del treball de l&#8217;artista.<br \/>\nHem gaudit molt d&#8217;aquesta visita i hem apr\u00e8s molt sobre en Joan Mir\u00f3.<br \/>\n[youtube]https:\/\/youtu.be\/NWvEAnIAWZI[\/youtube]<\/p>\n","protected":false},"excerpt":{"rendered":"<p>El passat dimecres, 17 de maig, els alumnes d&#8217;Ed. Infantil vam visitar el Museu Mir\u00f3.<br \/>\nPr\u00e8viament a la classe ja hav\u00edem descobert aspectes de la seva obra per\u00f2 al museu vam aprendre molts detalls del treball de l&#8217;artista.<br \/>\nHem gaudit molt d&#8217;aquesta visita i hem apr\u00e8s molt&hellip;  <a href=\"https:\/\/agora.xtec.cat\/esc-elpalau\/general\/visita-al-museu-miro\/\" title=\"Read VISITA AL MUSEU MIR\u00d3\">Llegeix m\u00e9s\u00bb<\/a><\/p>\n","protected":false},"author":3,"featured_media":0,"comment_status":"open","ping_status":"closed","sticky":false,"template":"","format":"standard","meta":{"_bbp_topic_count":0,"_bbp_reply_count":0,"_bbp_total_topic_count":0,"_bbp_total_reply_count":0,"_bbp_voice_count":0,"_bbp_anonymous_reply_count":0,"_bbp_topic_count_hidden":0,"_bbp_reply_count_hidden":0,"_bbp_forum_subforum_count":0,"footnotes":""},"categories":[1,2],"tags":[16],"class_list":["post-775","post","type-post","status-publish","format-standard","hentry","category-general","category-infantil","tag-sortides"],"post_mailing_queue_ids":[],"_links":{"self":[{"href":"https:\/\/agora.xtec.cat\/esc-elpalau\/wp-json\/wp\/v2\/posts\/775","targetHints":{"allow":["GET"]}}],"collection":[{"href":"https:\/\/agora.xtec.cat\/esc-elpalau\/wp-json\/wp\/v2\/posts"}],"about":[{"href":"https:\/\/agora.xtec.cat\/esc-elpalau\/wp-json\/wp\/v2\/types\/post"}],"author":[{"embeddable":true,"href":"https:\/\/agora.xtec.cat\/esc-elpalau\/wp-json\/wp\/v2\/users\/3"}],"replies":[{"embeddable":true,"href":"https:\/\/agora.xtec.cat\/esc-elpalau\/wp-json\/wp\/v2\/comments?post=775"}],"version-history":[{"count":1,"href":"https:\/\/agora.xtec.cat\/esc-elpalau\/wp-json\/wp\/v2\/posts\/775\/revisions"}],"predecessor-version":[{"id":776,"href":"https:\/\/agora.xtec.cat\/esc-elpalau\/wp-json\/wp\/v2\/posts\/775\/revisions\/776"}],"wp:attachment":[{"href":"https:\/\/agora.xtec.cat\/esc-elpalau\/wp-json\/wp\/v2\/media?parent=775"}],"wp:term":[{"taxonomy":"category","embeddable":true,"href":"https:\/\/agora.xtec.cat\/esc-elpalau\/wp-json\/wp\/v2\/categories?post=775"},{"taxonomy":"post_tag","embeddable":true,"href":"https:\/\/agora.xtec.cat\/esc-elpalau\/wp-json\/wp\/v2\/tags?post=775"}],"curies":[{"name":"wp","href":"https:\/\/api.w.org\/{rel}","templated":true}]}}