{"id":773,"date":"2017-05-11T16:15:57","date_gmt":"2017-05-11T14:15:57","guid":{"rendered":"http:\/\/agora.xtec.cat\/esc-elpalau\/?p=773"},"modified":"2018-01-08T16:16:44","modified_gmt":"2018-01-08T15:16:44","slug":"visitem-el-palau-de-recasens","status":"publish","type":"post","link":"https:\/\/agora.xtec.cat\/esc-elpalau\/general\/visitem-el-palau-de-recasens\/","title":{"rendered":"VISITEM EL PALAU DE RECASENS"},"content":{"rendered":"<p>El passat 10 de maig els alumnes dels tres grups d&#8217;Infantil vam visitar el Palau de Recasens. All\u00e0 vam aprendre una miqueta sobre la hist\u00f2ria d&#8217;aquest Palau que d\u00f3na nom a la nostra escola. La nostra guia, l&#8217;Ana, ens va explicar de manera molt interessant de com un rei anomenat Alfons  va regalar el poble de Molins de Rei a la fam\u00edlia Recasens. Per aquest Palau han passat gent molt important i coneguda d&#8217;aquells temps.<br \/>\nHa estat una visita molt profitosa i ja coneixem m\u00e9s de la hist\u00f2ria del nostre poble.<\/p>\n<p>[youtube]https:\/\/youtu.be\/HC4-mUYVyww[\/youtube]<\/p>\n","protected":false},"excerpt":{"rendered":"<p>El passat 10 de maig els alumnes dels tres grups d&#8217;Infantil vam visitar el Palau de Recasens. All\u00e0 vam aprendre una miqueta sobre la hist\u00f2ria d&#8217;aquest Palau que d\u00f3na nom a la nostra escola. La nostra guia, l&#8217;Ana, ens va explicar de manera molt interessant&hellip;  <a href=\"https:\/\/agora.xtec.cat\/esc-elpalau\/general\/visitem-el-palau-de-recasens\/\" title=\"Read VISITEM EL PALAU DE RECASENS\">Llegeix m\u00e9s\u00bb<\/a><\/p>\n","protected":false},"author":3,"featured_media":0,"comment_status":"open","ping_status":"closed","sticky":false,"template":"","format":"standard","meta":{"_bbp_topic_count":0,"_bbp_reply_count":0,"_bbp_total_topic_count":0,"_bbp_total_reply_count":0,"_bbp_voice_count":0,"_bbp_anonymous_reply_count":0,"_bbp_topic_count_hidden":0,"_bbp_reply_count_hidden":0,"_bbp_forum_subforum_count":0,"footnotes":""},"categories":[1,2],"tags":[16],"class_list":["post-773","post","type-post","status-publish","format-standard","hentry","category-general","category-infantil","tag-sortides"],"post_mailing_queue_ids":[],"_links":{"self":[{"href":"https:\/\/agora.xtec.cat\/esc-elpalau\/wp-json\/wp\/v2\/posts\/773","targetHints":{"allow":["GET"]}}],"collection":[{"href":"https:\/\/agora.xtec.cat\/esc-elpalau\/wp-json\/wp\/v2\/posts"}],"about":[{"href":"https:\/\/agora.xtec.cat\/esc-elpalau\/wp-json\/wp\/v2\/types\/post"}],"author":[{"embeddable":true,"href":"https:\/\/agora.xtec.cat\/esc-elpalau\/wp-json\/wp\/v2\/users\/3"}],"replies":[{"embeddable":true,"href":"https:\/\/agora.xtec.cat\/esc-elpalau\/wp-json\/wp\/v2\/comments?post=773"}],"version-history":[{"count":1,"href":"https:\/\/agora.xtec.cat\/esc-elpalau\/wp-json\/wp\/v2\/posts\/773\/revisions"}],"predecessor-version":[{"id":774,"href":"https:\/\/agora.xtec.cat\/esc-elpalau\/wp-json\/wp\/v2\/posts\/773\/revisions\/774"}],"wp:attachment":[{"href":"https:\/\/agora.xtec.cat\/esc-elpalau\/wp-json\/wp\/v2\/media?parent=773"}],"wp:term":[{"taxonomy":"category","embeddable":true,"href":"https:\/\/agora.xtec.cat\/esc-elpalau\/wp-json\/wp\/v2\/categories?post=773"},{"taxonomy":"post_tag","embeddable":true,"href":"https:\/\/agora.xtec.cat\/esc-elpalau\/wp-json\/wp\/v2\/tags?post=773"}],"curies":[{"name":"wp","href":"https:\/\/api.w.org\/{rel}","templated":true}]}}