{"id":771,"date":"2017-05-09T16:14:29","date_gmt":"2017-05-09T14:14:29","guid":{"rendered":"http:\/\/agora.xtec.cat\/esc-elpalau\/?p=771"},"modified":"2018-01-08T16:15:42","modified_gmt":"2018-01-08T15:15:42","slug":"els-nostres-dies-de-colonies","status":"publish","type":"post","link":"https:\/\/agora.xtec.cat\/esc-elpalau\/general\/els-nostres-dies-de-colonies\/","title":{"rendered":"ELS NOSTRES DIES DE COL\u00d2NIES&#8230;"},"content":{"rendered":"<p>Els dies 27 i 28 d&#8217;abril els alumnes de P-4 i P-5 van gaudir d&#8217;unes col\u00f2nies molt divertides a &#8220;El Pinar&#8221;, una casa molt gran a Canyelles.<\/p>\n<p>All\u00e0 van aprendre molt sobre el cel: vam con\u00e8ixer l&#8217;\u00d3ssa Major i l&#8217;\u00d3ssa Menor, Cassiopea, Ori\u00f3, etc.<\/p>\n<p>Per alguns nens i nenes era la primera experi\u00e8ncia de dormir fora de casa i va ser molt emocionant. Molts portaven capsetes plenes de petonets del pare i\/o la mare i aix\u00f2 els hi va ajudar molt.<\/p>\n<p>El menjar estava delici\u00f3s i fins i tot hi va haver qui va repetir tant de dinar com de sopar. I \u00e9s que les col\u00f2nies obren molt la gana!!!<\/p>\n<p>Us deixem una petita mostra perqu\u00e8 us feu una idea de com s&#8217;ho van passar!<\/p>\n<p>[youtube]https:\/\/youtu.be\/Wt8ETo0WcVs[\/youtube]<br \/>\n[youtube]https:\/\/youtu.be\/xNdg0u-lV54[\/youtube]<br \/>\n[youtube]https:\/\/youtu.be\/EBM79Xw-jKE[\/youtube]<br \/>\n[youtube]https:\/\/youtu.be\/4Bef6kaZ4iQ[\/youtube]<\/p>\n","protected":false},"excerpt":{"rendered":"<p>Els dies 27 i 28 d&#8217;abril els alumnes de P-4 i P-5 van gaudir d&#8217;unes col\u00f2nies molt divertides a &#8220;El Pinar&#8221;, una casa molt gran a Canyelles.<br \/>\nAll\u00e0 van aprendre molt sobre el cel: vam con\u00e8ixer l&#8217;\u00d3ssa Major i l&#8217;\u00d3ssa Menor, Cassiopea, Ori\u00f3, etc.<br \/>\nPer alguns nens&hellip;  <a href=\"https:\/\/agora.xtec.cat\/esc-elpalau\/general\/els-nostres-dies-de-colonies\/\" title=\"Read ELS NOSTRES DIES DE COL\u00d2NIES&#8230;\">Llegeix m\u00e9s\u00bb<\/a><\/p>\n","protected":false},"author":3,"featured_media":0,"comment_status":"open","ping_status":"closed","sticky":false,"template":"","format":"standard","meta":{"_bbp_topic_count":0,"_bbp_reply_count":0,"_bbp_total_topic_count":0,"_bbp_total_reply_count":0,"_bbp_voice_count":0,"_bbp_anonymous_reply_count":0,"_bbp_topic_count_hidden":0,"_bbp_reply_count_hidden":0,"_bbp_forum_subforum_count":0,"footnotes":""},"categories":[1,2],"tags":[102,16],"class_list":["post-771","post","type-post","status-publish","format-standard","hentry","category-general","category-infantil","tag-colonies","tag-sortides"],"post_mailing_queue_ids":[],"_links":{"self":[{"href":"https:\/\/agora.xtec.cat\/esc-elpalau\/wp-json\/wp\/v2\/posts\/771","targetHints":{"allow":["GET"]}}],"collection":[{"href":"https:\/\/agora.xtec.cat\/esc-elpalau\/wp-json\/wp\/v2\/posts"}],"about":[{"href":"https:\/\/agora.xtec.cat\/esc-elpalau\/wp-json\/wp\/v2\/types\/post"}],"author":[{"embeddable":true,"href":"https:\/\/agora.xtec.cat\/esc-elpalau\/wp-json\/wp\/v2\/users\/3"}],"replies":[{"embeddable":true,"href":"https:\/\/agora.xtec.cat\/esc-elpalau\/wp-json\/wp\/v2\/comments?post=771"}],"version-history":[{"count":1,"href":"https:\/\/agora.xtec.cat\/esc-elpalau\/wp-json\/wp\/v2\/posts\/771\/revisions"}],"predecessor-version":[{"id":772,"href":"https:\/\/agora.xtec.cat\/esc-elpalau\/wp-json\/wp\/v2\/posts\/771\/revisions\/772"}],"wp:attachment":[{"href":"https:\/\/agora.xtec.cat\/esc-elpalau\/wp-json\/wp\/v2\/media?parent=771"}],"wp:term":[{"taxonomy":"category","embeddable":true,"href":"https:\/\/agora.xtec.cat\/esc-elpalau\/wp-json\/wp\/v2\/categories?post=771"},{"taxonomy":"post_tag","embeddable":true,"href":"https:\/\/agora.xtec.cat\/esc-elpalau\/wp-json\/wp\/v2\/tags?post=771"}],"curies":[{"name":"wp","href":"https:\/\/api.w.org\/{rel}","templated":true}]}}