{"id":753,"date":"2017-05-22T16:05:22","date_gmt":"2017-05-22T14:05:22","guid":{"rendered":"http:\/\/agora.xtec.cat\/esc-elpalau\/?p=753"},"modified":"2018-01-08T16:07:03","modified_gmt":"2018-01-08T15:07:03","slug":"el-dia-de-les-matematiques","status":"publish","type":"post","link":"https:\/\/agora.xtec.cat\/esc-elpalau\/general\/el-dia-de-les-matematiques\/","title":{"rendered":"El dia de les matem\u00e0tiques"},"content":{"rendered":"<p>El passat 12 de maig va ser el dia mundial de les matem\u00e0tiques i els alumnes de 6\u00e8B vam fer un activitat per saber si l\u2019esmorzar que fem tots els alumnes de l\u2019escola \u00e9s saludable.<\/p>\n<p>Pr\u00e8viament, vam elaborar el material necessari per dur-la a terme. Vam fer una maqueta amb una fusta on vam enganxar 15 ampolles, tres per cada dia de la setmana, de dilluns a divendres, i cada ampolla tenia una etiqueta on posava el tipus d\u2019esmorzar: fruita, entrep\u00e0, i altres (\u201cbolleria\u201d, galetes, \u201cpalitos\u201d&#8230;).<\/p>\n<p>El dia 3, vam presentar l\u2019activitat a cada classe, explicant en qu\u00e8 consistia: cada dia a l\u2019hora del pati haurien de col\u00b7locar un cigronet a l\u2019ampolla corresponent al seu esmorzar.<\/p>\n<p>El mateix 12 va ser quan vam dedicar tot el dia a enregistrar els resultats obtinguts. Per parelles vam treure les conclusions del grup que analitz\u00e0vem, i despr\u00e9s tota la classe vam posar en com\u00fa els resultats i vam elaborar un gr\u00e0fic de barres com\u00fa.<\/p>\n<p>Vam treure la conclusi\u00f3 que tot i que mengem for\u00e7a saludable, el dia de la fruita no es respecta gaire, i podr\u00edem millorar el consum d\u2019ella.<\/p>\n<p><strong>Alumnes de 6\u00e8B<\/strong><\/p>\n<p><iframe loading=\"lazy\" width=\"560\" height=\"315\" src=\"https:\/\/www.youtube.com\/embed\/BQ23DpUfjkg?rel=0\" frameborder=\"0\" allowfullscreen><\/iframe><\/p>\n","protected":false},"excerpt":{"rendered":"<p>El passat 12 de maig va ser el dia mundial de les matem\u00e0tiques i els alumnes de 6\u00e8B vam fer un activitat per saber si l\u2019esmorzar que fem tots els alumnes de l\u2019escola \u00e9s saludable.<br \/>\nPr\u00e8viament, vam elaborar el material necessari per dur-la a terme. Vam&hellip;  <a href=\"https:\/\/agora.xtec.cat\/esc-elpalau\/general\/el-dia-de-les-matematiques\/\" title=\"Read El dia de les matem\u00e0tiques\">Llegeix m\u00e9s\u00bb<\/a><\/p>\n","protected":false},"author":3,"featured_media":754,"comment_status":"open","ping_status":"closed","sticky":false,"template":"","format":"standard","meta":{"_bbp_topic_count":0,"_bbp_reply_count":0,"_bbp_total_topic_count":0,"_bbp_total_reply_count":0,"_bbp_voice_count":0,"_bbp_anonymous_reply_count":0,"_bbp_topic_count_hidden":0,"_bbp_reply_count_hidden":0,"_bbp_forum_subforum_count":0,"footnotes":""},"categories":[12,1,5],"tags":[85,99],"class_list":["post-753","post","type-post","status-publish","format-standard","has-post-thumbnail","hentry","category-c-superior","category-general","category-primaria","tag-activitats-diferents","tag-matematiques"],"post_mailing_queue_ids":[],"_links":{"self":[{"href":"https:\/\/agora.xtec.cat\/esc-elpalau\/wp-json\/wp\/v2\/posts\/753","targetHints":{"allow":["GET"]}}],"collection":[{"href":"https:\/\/agora.xtec.cat\/esc-elpalau\/wp-json\/wp\/v2\/posts"}],"about":[{"href":"https:\/\/agora.xtec.cat\/esc-elpalau\/wp-json\/wp\/v2\/types\/post"}],"author":[{"embeddable":true,"href":"https:\/\/agora.xtec.cat\/esc-elpalau\/wp-json\/wp\/v2\/users\/3"}],"replies":[{"embeddable":true,"href":"https:\/\/agora.xtec.cat\/esc-elpalau\/wp-json\/wp\/v2\/comments?post=753"}],"version-history":[{"count":1,"href":"https:\/\/agora.xtec.cat\/esc-elpalau\/wp-json\/wp\/v2\/posts\/753\/revisions"}],"predecessor-version":[{"id":755,"href":"https:\/\/agora.xtec.cat\/esc-elpalau\/wp-json\/wp\/v2\/posts\/753\/revisions\/755"}],"wp:featuredmedia":[{"embeddable":true,"href":"https:\/\/agora.xtec.cat\/esc-elpalau\/wp-json\/wp\/v2\/media\/754"}],"wp:attachment":[{"href":"https:\/\/agora.xtec.cat\/esc-elpalau\/wp-json\/wp\/v2\/media?parent=753"}],"wp:term":[{"taxonomy":"category","embeddable":true,"href":"https:\/\/agora.xtec.cat\/esc-elpalau\/wp-json\/wp\/v2\/categories?post=753"},{"taxonomy":"post_tag","embeddable":true,"href":"https:\/\/agora.xtec.cat\/esc-elpalau\/wp-json\/wp\/v2\/tags?post=753"}],"curies":[{"name":"wp","href":"https:\/\/api.w.org\/{rel}","templated":true}]}}