{"id":748,"date":"2017-03-07T16:00:55","date_gmt":"2017-03-07T15:00:55","guid":{"rendered":"http:\/\/agora.xtec.cat\/esc-elpalau\/?p=748"},"modified":"2018-01-08T16:02:27","modified_gmt":"2018-01-08T15:02:27","slug":"sortida-6e-al-parc-natural-sant-llorenc-del-munt-i-obac","status":"publish","type":"post","link":"https:\/\/agora.xtec.cat\/esc-elpalau\/general\/sortida-6e-al-parc-natural-sant-llorenc-del-munt-i-obac\/","title":{"rendered":"SORTIDA 6\u00e8 AL PARC NATURAL SANT LLOREN\u00c7 DEL MUNT I OBAC"},"content":{"rendered":"<h3>El passat dimecres dia 1 de Mar\u00e7 els alumnes de sis\u00e8 vam gaudir de la visita al parc natural de St LLoren\u00e7 de Munt i Obac.<\/h3>\n<h3>Aqu\u00ed teniu un recull d&#8217;algunes fotos.<\/h3>\n<p><iframe loading=\"lazy\" src=\"https:\/\/www.youtube.com\/embed\/_qCmbIHCCDM\" width=\"560\" height=\"315\" frameborder=\"0\" allowfullscreen=\"allowfullscreen\"><\/iframe><\/p>\n","protected":false},"excerpt":{"rendered":"<p>El passat dimecres dia 1 de Mar\u00e7 els alumnes de sis\u00e8 vam gaudir de la visita al parc natural de St LLoren\u00e7 de Munt i Obac.<br \/>\nAqu\u00ed teniu un recull d&#8217;algunes fotos.<\/p>\n","protected":false},"author":3,"featured_media":749,"comment_status":"open","ping_status":"closed","sticky":false,"template":"","format":"standard","meta":{"_bbp_topic_count":0,"_bbp_reply_count":0,"_bbp_total_topic_count":0,"_bbp_total_reply_count":0,"_bbp_voice_count":0,"_bbp_anonymous_reply_count":0,"_bbp_topic_count_hidden":0,"_bbp_reply_count_hidden":0,"_bbp_forum_subforum_count":0,"footnotes":""},"categories":[12,1,5],"tags":[16],"class_list":["post-748","post","type-post","status-publish","format-standard","has-post-thumbnail","hentry","category-c-superior","category-general","category-primaria","tag-sortides"],"post_mailing_queue_ids":[],"_links":{"self":[{"href":"https:\/\/agora.xtec.cat\/esc-elpalau\/wp-json\/wp\/v2\/posts\/748","targetHints":{"allow":["GET"]}}],"collection":[{"href":"https:\/\/agora.xtec.cat\/esc-elpalau\/wp-json\/wp\/v2\/posts"}],"about":[{"href":"https:\/\/agora.xtec.cat\/esc-elpalau\/wp-json\/wp\/v2\/types\/post"}],"author":[{"embeddable":true,"href":"https:\/\/agora.xtec.cat\/esc-elpalau\/wp-json\/wp\/v2\/users\/3"}],"replies":[{"embeddable":true,"href":"https:\/\/agora.xtec.cat\/esc-elpalau\/wp-json\/wp\/v2\/comments?post=748"}],"version-history":[{"count":1,"href":"https:\/\/agora.xtec.cat\/esc-elpalau\/wp-json\/wp\/v2\/posts\/748\/revisions"}],"predecessor-version":[{"id":750,"href":"https:\/\/agora.xtec.cat\/esc-elpalau\/wp-json\/wp\/v2\/posts\/748\/revisions\/750"}],"wp:featuredmedia":[{"embeddable":true,"href":"https:\/\/agora.xtec.cat\/esc-elpalau\/wp-json\/wp\/v2\/media\/749"}],"wp:attachment":[{"href":"https:\/\/agora.xtec.cat\/esc-elpalau\/wp-json\/wp\/v2\/media?parent=748"}],"wp:term":[{"taxonomy":"category","embeddable":true,"href":"https:\/\/agora.xtec.cat\/esc-elpalau\/wp-json\/wp\/v2\/categories?post=748"},{"taxonomy":"post_tag","embeddable":true,"href":"https:\/\/agora.xtec.cat\/esc-elpalau\/wp-json\/wp\/v2\/tags?post=748"}],"curies":[{"name":"wp","href":"https:\/\/api.w.org\/{rel}","templated":true}]}}