{"id":729,"date":"2017-04-02T15:40:38","date_gmt":"2017-04-02T13:40:38","guid":{"rendered":"http:\/\/agora.xtec.cat\/esc-elpalau\/?p=729"},"modified":"2018-01-08T15:46:00","modified_gmt":"2018-01-08T14:46:00","slug":"visitem-lescola-de-musica","status":"publish","type":"post","link":"https:\/\/agora.xtec.cat\/esc-elpalau\/general\/visitem-lescola-de-musica\/","title":{"rendered":"VISITEM L&#8217;ESCOLA DE M\u00daSICA"},"content":{"rendered":"<h4>EL DIJOUS 30 DE MAR\u00c7, ELS NENS I NENES DE PRIMER VAM ANAR A L&#8217;ESCOLA DE M\u00daSICA PER TAL DE CON\u00c8IXER  INSTRUMENTS I GAUDIR D&#8217;UNA AUDICI\u00d3 MUSICAL.<\/h4>\n<p>VAM TENIR EL PLAER D&#8217;ESCOLTAR: LA FLAUTA TRAVESSERA, EL CLARINET, EL VIOLONCEL, EL VIOL\u00cd, EL PIANO, UN TRIO DE GUITARRES, UN DUET DE FLAUTES DE BEC, EL SAXO I L&#8217;ACORDI\u00d3.<\/p>\n<p><a href=\"http:\/\/blocs.xtec.cat\/elpalauci\/files\/2017\/04\/escola_de_musica_molins_de_rei_febrer_2015_2.jpg\"><img loading=\"lazy\" decoding=\"async\" class=\"wp-image-1199 alignleft\" src=\"http:\/\/blocs.xtec.cat\/elpalauci\/files\/2017\/04\/escola_de_musica_molins_de_rei_febrer_2015_2.jpg\" alt=\"escola_de_musica_molins_de_rei_febrer_2015_2\" width=\"354\" height=\"270\" \/><\/a><\/p>\n<p>&nbsp;<\/p>\n<p>&nbsp;<\/p>\n<p>&nbsp;<\/p>\n<p>&nbsp;<\/p>\n<p>&nbsp;<\/p>\n<p>&nbsp;<\/p>\n<p>&nbsp;<\/p>\n<p>&nbsp;<\/p>\n<p>&nbsp;<\/p>\n<p><a href=\"http:\/\/blocs.xtec.cat\/elpalauci\/files\/2017\/04\/DSC02963.jpg\"><img loading=\"lazy\" decoding=\"async\" class=\"alignright wp-image-1200\" src=\"http:\/\/blocs.xtec.cat\/elpalauci\/files\/2017\/04\/DSC02963-1024x768.jpg\" alt=\"DSC02963\" width=\"326\" height=\"245\" \/><\/a><\/p>\n<p>&nbsp;<\/p>\n<p>&nbsp;<\/p>\n<p>&nbsp;<\/p>\n<p>&nbsp;<\/p>\n<p>&nbsp;<\/p>\n<p>&nbsp;<\/p>\n<p>&nbsp;<\/p>\n<p>&nbsp;<\/p>\n<p>&nbsp;<\/p>\n","protected":false},"excerpt":{"rendered":"<p>EL DIJOUS 30 DE MAR\u00c7, ELS NENS I NENES DE PRIMER VAM ANAR A L&#8217;ESCOLA DE M\u00daSICA PER TAL DE CON\u00c8IXER  INSTRUMENTS I GAUDIR D&#8217;UNA AUDICI\u00d3 MUSICAL.<br \/>\nVAM TENIR EL PLAER D&#8217;ESCOLTAR: LA FLAUTA TRAVESSERA, EL CLARINET, EL VIOLONCEL, EL VIOL\u00cd, EL PIANO, UN TRIO&hellip;  <a href=\"https:\/\/agora.xtec.cat\/esc-elpalau\/general\/visitem-lescola-de-musica\/\" title=\"Read VISITEM L&#8217;ESCOLA DE M\u00daSICA\">Llegeix m\u00e9s\u00bb<\/a><\/p>\n","protected":false},"author":3,"featured_media":0,"comment_status":"open","ping_status":"closed","sticky":false,"template":"","format":"standard","meta":{"_bbp_topic_count":0,"_bbp_reply_count":0,"_bbp_total_topic_count":0,"_bbp_total_reply_count":0,"_bbp_voice_count":0,"_bbp_anonymous_reply_count":0,"_bbp_topic_count_hidden":0,"_bbp_reply_count_hidden":0,"_bbp_forum_subforum_count":0,"footnotes":""},"categories":[10,1,4,5],"tags":[55,16],"class_list":["post-729","post","type-post","status-publish","format-standard","hentry","category-c-inicial","category-general","category-portada","category-primaria","tag-activitats","tag-sortides"],"post_mailing_queue_ids":[],"_links":{"self":[{"href":"https:\/\/agora.xtec.cat\/esc-elpalau\/wp-json\/wp\/v2\/posts\/729","targetHints":{"allow":["GET"]}}],"collection":[{"href":"https:\/\/agora.xtec.cat\/esc-elpalau\/wp-json\/wp\/v2\/posts"}],"about":[{"href":"https:\/\/agora.xtec.cat\/esc-elpalau\/wp-json\/wp\/v2\/types\/post"}],"author":[{"embeddable":true,"href":"https:\/\/agora.xtec.cat\/esc-elpalau\/wp-json\/wp\/v2\/users\/3"}],"replies":[{"embeddable":true,"href":"https:\/\/agora.xtec.cat\/esc-elpalau\/wp-json\/wp\/v2\/comments?post=729"}],"version-history":[{"count":1,"href":"https:\/\/agora.xtec.cat\/esc-elpalau\/wp-json\/wp\/v2\/posts\/729\/revisions"}],"predecessor-version":[{"id":730,"href":"https:\/\/agora.xtec.cat\/esc-elpalau\/wp-json\/wp\/v2\/posts\/729\/revisions\/730"}],"wp:attachment":[{"href":"https:\/\/agora.xtec.cat\/esc-elpalau\/wp-json\/wp\/v2\/media?parent=729"}],"wp:term":[{"taxonomy":"category","embeddable":true,"href":"https:\/\/agora.xtec.cat\/esc-elpalau\/wp-json\/wp\/v2\/categories?post=729"},{"taxonomy":"post_tag","embeddable":true,"href":"https:\/\/agora.xtec.cat\/esc-elpalau\/wp-json\/wp\/v2\/tags?post=729"}],"curies":[{"name":"wp","href":"https:\/\/api.w.org\/{rel}","templated":true}]}}