{"id":722,"date":"2017-04-29T15:33:56","date_gmt":"2017-04-29T13:33:56","guid":{"rendered":"http:\/\/agora.xtec.cat\/esc-elpalau\/?p=722"},"modified":"2018-01-08T15:36:13","modified_gmt":"2018-01-08T14:36:13","slug":"com-es-crea-la-lletra-duna-canco","status":"publish","type":"post","link":"https:\/\/agora.xtec.cat\/esc-elpalau\/general\/com-es-crea-la-lletra-duna-canco\/","title":{"rendered":"COM \u00c9S CREA LA LLETRA D&#8217;UNA CAN\u00c7\u00d3?"},"content":{"rendered":"<p>EL PASSAT DIVENDRES, DIA 28 D&#8217;ABRIL, PER LA TARDA EN PERE MORALEDA VA VENIR A LA NOSTRA CLASSE PER TAL D&#8217;EXPLICAR-NOS LA SEVA EXPERI\u00c8NCIA.<br \/>\nENS VA EXPLICAR COM FEIA LES LLETRES PER ALS GRUPS INFANTILS COM PARX\u00cdS, REGALIZ&#8230;<br \/>\nENS VA CONTAR HIST\u00d2RIES D&#8217;AQUESTS NENS I NENES I VAN ESCOLTAR ALGUNES DE LES SEVES CAN\u00c7ONS.<br \/>\nFINALMENT, ENTRE TOTS VAM ESCRIURE UNA POSSIBLE LLETRA PER A UNA CAN\u00c7\u00d3 PER ALS NENS I LES NENES DE PRIMER:<\/p>\n<p><a href=\"http:\/\/blocs.xtec.cat\/elpalauci\/files\/2017\/04\/IMG_4246.jpg\"><img loading=\"lazy\" decoding=\"async\" class=\"wp-image-1227 alignleft\" src=\"http:\/\/blocs.xtec.cat\/elpalauci\/files\/2017\/04\/IMG_4246-e1493459497227.jpg\" alt=\"IMG_4246\" width=\"208\" height=\"277\" \/><\/a><\/p>\n<p><strong>SOM DE PRIMER<\/strong><\/p>\n<p>SOM FANT\u00c0STICS<br \/>\nSOM TREBALLADORS<br \/>\nSOM DEL COLE ELS MILLORS.<\/p>\n<p>SOM GENIALS<br \/>\nSOM L&#8217;ESCOLA DEL PALAU<br \/>\nFEM QUE TOTS ELS TEMES<br \/>\nSI SON NEGRES ES TORNIN BLAUS.<\/p>\n<p>FEM GIMN\u00c0S, LES MATES I L&#8217;ANGL\u00c8S,<br \/>\nLA PL\u00c0STICA, LA M\u00daSICA I TOTES LES DEM\u00c8S.<\/p>\n<p>SOM DE PRIMER<br \/>\nENS AJUDEM A JUGAR I COMPARTIR;<br \/>\nI DE TOTES LES FEINES JUNTES<br \/>\nSEMPRE ENS AGRADA GAUDIR<\/p>\n","protected":false},"excerpt":{"rendered":"<p>EL PASSAT DIVENDRES, DIA 28 D&#8217;ABRIL, PER LA TARDA EN PERE MORALEDA VA VENIR A LA NOSTRA CLASSE PER TAL D&#8217;EXPLICAR-NOS LA SEVA EXPERI\u00c8NCIA.<br \/>\nENS VA EXPLICAR COM FEIA LES LLETRES PER ALS GRUPS INFANTILS COM PARX\u00cdS, REGALIZ&#8230;<br \/>\nENS VA CONTAR HIST\u00d2RIES D&#8217;AQUESTS NENS I NENES I&hellip;  <a href=\"https:\/\/agora.xtec.cat\/esc-elpalau\/general\/com-es-crea-la-lletra-duna-canco\/\" title=\"Read COM \u00c9S CREA LA LLETRA D&#8217;UNA CAN\u00c7\u00d3?\">Llegeix m\u00e9s\u00bb<\/a><\/p>\n","protected":false},"author":3,"featured_media":0,"comment_status":"open","ping_status":"closed","sticky":false,"template":"","format":"standard","meta":{"_bbp_topic_count":0,"_bbp_reply_count":0,"_bbp_total_topic_count":0,"_bbp_total_reply_count":0,"_bbp_voice_count":0,"_bbp_anonymous_reply_count":0,"_bbp_topic_count_hidden":0,"_bbp_reply_count_hidden":0,"_bbp_forum_subforum_count":0,"footnotes":""},"categories":[10,1,5],"tags":[55],"class_list":["post-722","post","type-post","status-publish","format-standard","hentry","category-c-inicial","category-general","category-primaria","tag-activitats"],"post_mailing_queue_ids":[],"_links":{"self":[{"href":"https:\/\/agora.xtec.cat\/esc-elpalau\/wp-json\/wp\/v2\/posts\/722","targetHints":{"allow":["GET"]}}],"collection":[{"href":"https:\/\/agora.xtec.cat\/esc-elpalau\/wp-json\/wp\/v2\/posts"}],"about":[{"href":"https:\/\/agora.xtec.cat\/esc-elpalau\/wp-json\/wp\/v2\/types\/post"}],"author":[{"embeddable":true,"href":"https:\/\/agora.xtec.cat\/esc-elpalau\/wp-json\/wp\/v2\/users\/3"}],"replies":[{"embeddable":true,"href":"https:\/\/agora.xtec.cat\/esc-elpalau\/wp-json\/wp\/v2\/comments?post=722"}],"version-history":[{"count":1,"href":"https:\/\/agora.xtec.cat\/esc-elpalau\/wp-json\/wp\/v2\/posts\/722\/revisions"}],"predecessor-version":[{"id":723,"href":"https:\/\/agora.xtec.cat\/esc-elpalau\/wp-json\/wp\/v2\/posts\/722\/revisions\/723"}],"wp:attachment":[{"href":"https:\/\/agora.xtec.cat\/esc-elpalau\/wp-json\/wp\/v2\/media?parent=722"}],"wp:term":[{"taxonomy":"category","embeddable":true,"href":"https:\/\/agora.xtec.cat\/esc-elpalau\/wp-json\/wp\/v2\/categories?post=722"},{"taxonomy":"post_tag","embeddable":true,"href":"https:\/\/agora.xtec.cat\/esc-elpalau\/wp-json\/wp\/v2\/tags?post=722"}],"curies":[{"name":"wp","href":"https:\/\/api.w.org\/{rel}","templated":true}]}}