{"id":714,"date":"2017-11-08T15:28:12","date_gmt":"2017-11-08T14:28:12","guid":{"rendered":"http:\/\/agora.xtec.cat\/esc-elpalau\/?p=714"},"modified":"2018-01-08T16:37:51","modified_gmt":"2018-01-08T15:37:51","slug":"els-pares-ens-expliquen-un-conte","status":"publish","type":"post","link":"https:\/\/agora.xtec.cat\/esc-elpalau\/general\/els-pares-ens-expliquen-un-conte\/","title":{"rendered":"Els pares ens expliquen un conte"},"content":{"rendered":"<h3><span style=\"color: #000000;\">Benvolguts pares !<\/span><\/h3>\n<h3><span style=\"color: #000000;\">El dia 3 de novembre, la mare de l&#8217;Ana Bail\u00f3n de segon va visitar la nostra classe per explicar-nos un conte molt bonic titulat <em><span style=\"color: #000080;\">&#8221; Aix\u00f2 no \u00e9s una selva &#8220;. <\/span><\/em>Un llibre que parla de la import\u00e0ncia d&#8217;ajudar en les tasques de la casa com ara endre\u00e7ar la nostra habitaci\u00f3, parar  taula &#8230;<\/span><\/h3>\n<h3><span style=\"color: #000000;\">Ens ho vam passar molt b\u00e9 i li donem moltes gr\u00e0cies a la Mireia.<\/span><\/h3>\n<h3><span style=\"color: #000000;\">Aqu\u00ed teniu un recull de fotos.<\/span><\/h3>\n<p>&nbsp;<\/p>\n<p><a href=\"http:\/\/blocs.xtec.cat\/elpalauci\/files\/2017\/11\/1540-1.jpg\"><img loading=\"lazy\" decoding=\"async\" class=\"aligncenter wp-image-1253 size-full\" src=\"http:\/\/blocs.xtec.cat\/elpalauci\/files\/2017\/11\/1540-1.jpg\" alt=\"1540-1\" width=\"340\" height=\"340\" \/><\/a><a href=\"http:\/\/blocs.xtec.cat\/elpalauci\/files\/2017\/11\/IMG_4270-2.jpg\"><img loading=\"lazy\" decoding=\"async\" class=\"aligncenter wp-image-1254 size-medium\" src=\"http:\/\/blocs.xtec.cat\/elpalauci\/files\/2017\/11\/IMG_4270-2-300x225.jpg\" alt=\"IMG_4270\" width=\"300\" height=\"225\" \/><\/a> <a href=\"http:\/\/blocs.xtec.cat\/elpalauci\/files\/2017\/11\/IMG_4271-1.jpg\"><img loading=\"lazy\" decoding=\"async\" class=\"aligncenter wp-image-1255 size-medium\" src=\"http:\/\/blocs.xtec.cat\/elpalauci\/files\/2017\/11\/IMG_4271-1-300x225.jpg\" alt=\"IMG_4271\" width=\"300\" height=\"225\" \/><\/a> <a href=\"http:\/\/blocs.xtec.cat\/elpalauci\/files\/2017\/11\/IMG_4281-1.jpg\"><img loading=\"lazy\" decoding=\"async\" class=\"aligncenter wp-image-1256 size-medium\" src=\"http:\/\/blocs.xtec.cat\/elpalauci\/files\/2017\/11\/IMG_4281-1-300x279.jpg\" alt=\"IMG_4281\" width=\"300\" height=\"279\" \/><\/a><\/p>\n","protected":false},"excerpt":{"rendered":"<p>Benvolguts pares !<br \/>\nEl dia 3 de novembre, la mare de l&#8217;Ana Bail\u00f3n de segon va visitar la nostra classe per explicar-nos un conte molt bonic titulat &#8221; Aix\u00f2 no \u00e9s una selva &#8220;. Un llibre que parla de la import\u00e0ncia d&#8217;ajudar en les tasques de&hellip;  <a href=\"https:\/\/agora.xtec.cat\/esc-elpalau\/general\/els-pares-ens-expliquen-un-conte\/\" title=\"Read Els pares ens expliquen un conte\">Llegeix m\u00e9s\u00bb<\/a><\/p>\n","protected":false},"author":3,"featured_media":0,"comment_status":"open","ping_status":"closed","sticky":false,"template":"","format":"standard","meta":{"_bbp_topic_count":0,"_bbp_reply_count":0,"_bbp_total_topic_count":0,"_bbp_total_reply_count":0,"_bbp_voice_count":0,"_bbp_anonymous_reply_count":0,"_bbp_topic_count_hidden":0,"_bbp_reply_count_hidden":0,"_bbp_forum_subforum_count":0,"footnotes":""},"categories":[10,1,4,5],"tags":[],"class_list":["post-714","post","type-post","status-publish","format-standard","hentry","category-c-inicial","category-general","category-portada","category-primaria"],"post_mailing_queue_ids":[],"_links":{"self":[{"href":"https:\/\/agora.xtec.cat\/esc-elpalau\/wp-json\/wp\/v2\/posts\/714","targetHints":{"allow":["GET"]}}],"collection":[{"href":"https:\/\/agora.xtec.cat\/esc-elpalau\/wp-json\/wp\/v2\/posts"}],"about":[{"href":"https:\/\/agora.xtec.cat\/esc-elpalau\/wp-json\/wp\/v2\/types\/post"}],"author":[{"embeddable":true,"href":"https:\/\/agora.xtec.cat\/esc-elpalau\/wp-json\/wp\/v2\/users\/3"}],"replies":[{"embeddable":true,"href":"https:\/\/agora.xtec.cat\/esc-elpalau\/wp-json\/wp\/v2\/comments?post=714"}],"version-history":[{"count":1,"href":"https:\/\/agora.xtec.cat\/esc-elpalau\/wp-json\/wp\/v2\/posts\/714\/revisions"}],"predecessor-version":[{"id":715,"href":"https:\/\/agora.xtec.cat\/esc-elpalau\/wp-json\/wp\/v2\/posts\/714\/revisions\/715"}],"wp:attachment":[{"href":"https:\/\/agora.xtec.cat\/esc-elpalau\/wp-json\/wp\/v2\/media?parent=714"}],"wp:term":[{"taxonomy":"category","embeddable":true,"href":"https:\/\/agora.xtec.cat\/esc-elpalau\/wp-json\/wp\/v2\/categories?post=714"},{"taxonomy":"post_tag","embeddable":true,"href":"https:\/\/agora.xtec.cat\/esc-elpalau\/wp-json\/wp\/v2\/tags?post=714"}],"curies":[{"name":"wp","href":"https:\/\/api.w.org\/{rel}","templated":true}]}}