{"id":639,"date":"2016-11-15T12:27:22","date_gmt":"2016-11-15T11:27:22","guid":{"rendered":"http:\/\/agora.xtec.cat\/esc-elpalau\/?p=639"},"modified":"2017-03-01T16:39:25","modified_gmt":"2017-03-01T15:39:25","slug":"visita-al-museu-de-historia","status":"publish","type":"post","link":"https:\/\/agora.xtec.cat\/esc-elpalau\/portada\/visita-al-museu-de-historia\/","title":{"rendered":"VISITA AL MUSEU DE HIST\u00d2RIA"},"content":{"rendered":"<p>Benvolguts pares,<br \/>\nEl dia 20 d&#8217;octubre, el cicle superior  hem anat a visitar el museu de hist\u00f2ria de Catalunya. Els nens i nenes han anant  passant  per les diferents  etapes de la hist\u00f2ria des de la prehist\u00f2ria fins als nostres dies.<br \/>\nS&#8217;han disfressat segons l&#8217;\u00e8poca, han visitat els seus habitatges i han fet una visita al museu.<br \/>\nEns ho hem passat molt b\u00e9 i hem apr\u00e8s molt.<br \/>\nAqu\u00ed teniu un recull d&#8217;algunes fotografies.<\/p>\n<div style=\"visibility:visible;width:540px;margin:auto;\"><embed src=\"http:\/\/flash.picturetrail.com\/pflicks\/3\/spflick.swf\" quality=\"high\" FlashVars=\"ql=2&#038;src1=http:\/\/pic20.picturetrail.com:80\/VOL1407\/13718938\/flicks\/1\/9144216\" wmode=\"transparent\" bgcolor=\"#000000\" width=\"540\" height=\"410\" name=\"Photo Peel\" align=\"middle\" allowScriptAccess=\"sameDomain\" style=\"height:410px;width:540px\" type=\"application\/x-shockwave-flash\"><\/embed><\/p>\n<p style=\"whitespace:no-wrap;margin-top:10px;height:24px;width:540px\"><a href=\"http:\/\/www.picturetrail.com\/misc\/counter.fcgi?cID=924&#038;link=\/photoFlick\/samples\/pflicks=shtml\"><img decoding=\"async\" align=\"left\" src=\"http:\/\/pics.picturetrail.com\/res\/pflicks\/pt.gif\" border=\"0\" \/><\/a><a href=\"http:\/\/www.picturetrail.com\/misc\/counter.fcgi?cID=925&#038;link=\/photoFlick\/samples\/pflicks=shtml\"><img decoding=\"async\" align=\"left\" style=\"margin-left:5px\" src=\"http:\/\/pics.picturetrail.com\/static\/images\/pt2.gif\" border=\"0\" \/><\/a><\/p>\n<\/div>\n","protected":false},"excerpt":{"rendered":"<p>Benvolguts pares,<br \/>\nEl dia 20 d&#8217;octubre, el cicle superior  hem anat a visitar el museu de hist\u00f2ria de Catalunya. Els nens i nenes han anant  passant  per les diferents  etapes de la hist\u00f2ria des de la prehist\u00f2ria fins als nostres dies.<br \/>\nS&#8217;han disfressat&hellip;  <a href=\"https:\/\/agora.xtec.cat\/esc-elpalau\/portada\/visita-al-museu-de-historia\/\" title=\"Read VISITA AL MUSEU DE HIST\u00d2RIA\">Llegeix m\u00e9s\u00bb<\/a><\/p>\n","protected":false},"author":3,"featured_media":640,"comment_status":"open","ping_status":"open","sticky":false,"template":"","format":"standard","meta":{"_bbp_topic_count":0,"_bbp_reply_count":0,"_bbp_total_topic_count":0,"_bbp_total_reply_count":0,"_bbp_voice_count":0,"_bbp_anonymous_reply_count":0,"_bbp_topic_count_hidden":0,"_bbp_reply_count_hidden":0,"_bbp_forum_subforum_count":0,"footnotes":""},"categories":[12,4],"tags":[84,16],"class_list":["post-639","post","type-post","status-publish","format-standard","has-post-thumbnail","hentry","category-c-superior","category-portada","tag-museu-dhistoria","tag-sortides"],"post_mailing_queue_ids":[],"_links":{"self":[{"href":"https:\/\/agora.xtec.cat\/esc-elpalau\/wp-json\/wp\/v2\/posts\/639","targetHints":{"allow":["GET"]}}],"collection":[{"href":"https:\/\/agora.xtec.cat\/esc-elpalau\/wp-json\/wp\/v2\/posts"}],"about":[{"href":"https:\/\/agora.xtec.cat\/esc-elpalau\/wp-json\/wp\/v2\/types\/post"}],"author":[{"embeddable":true,"href":"https:\/\/agora.xtec.cat\/esc-elpalau\/wp-json\/wp\/v2\/users\/3"}],"replies":[{"embeddable":true,"href":"https:\/\/agora.xtec.cat\/esc-elpalau\/wp-json\/wp\/v2\/comments?post=639"}],"version-history":[{"count":3,"href":"https:\/\/agora.xtec.cat\/esc-elpalau\/wp-json\/wp\/v2\/posts\/639\/revisions"}],"predecessor-version":[{"id":666,"href":"https:\/\/agora.xtec.cat\/esc-elpalau\/wp-json\/wp\/v2\/posts\/639\/revisions\/666"}],"wp:featuredmedia":[{"embeddable":true,"href":"https:\/\/agora.xtec.cat\/esc-elpalau\/wp-json\/wp\/v2\/media\/640"}],"wp:attachment":[{"href":"https:\/\/agora.xtec.cat\/esc-elpalau\/wp-json\/wp\/v2\/media?parent=639"}],"wp:term":[{"taxonomy":"category","embeddable":true,"href":"https:\/\/agora.xtec.cat\/esc-elpalau\/wp-json\/wp\/v2\/categories?post=639"},{"taxonomy":"post_tag","embeddable":true,"href":"https:\/\/agora.xtec.cat\/esc-elpalau\/wp-json\/wp\/v2\/tags?post=639"}],"curies":[{"name":"wp","href":"https:\/\/api.w.org\/{rel}","templated":true}]}}