{"id":602,"date":"2016-11-02T11:52:54","date_gmt":"2016-11-02T10:52:54","guid":{"rendered":"http:\/\/agora.xtec.cat\/esc-elpalau\/?p=602"},"modified":"2017-03-01T11:53:42","modified_gmt":"2017-03-01T10:53:42","slug":"la-castanyada","status":"publish","type":"post","link":"https:\/\/agora.xtec.cat\/esc-elpalau\/portada\/la-castanyada\/","title":{"rendered":"La Castanyada"},"content":{"rendered":"<p>EL DIVENDRES DIA 28 VAM FER ACTIVITATS ESPECIALS PEL MAT\u00cd I PER LA TARDA.<br \/>\nENS HO VAM PASSAR D&#8217;ALL\u00d2 M\u00c9S B\u00c9:<\/p>\n<p><iframe loading=\"lazy\" src=\"\/\/www.youtube.com\/embed\/o5d8ahzsXZ8?rel=0\" width=\"560\" height=\"314\" allowfullscreen=\"allowfullscreen\"><\/iframe><\/p>\n","protected":false},"excerpt":{"rendered":"<p>EL DIVENDRES DIA 28 VAM FER ACTIVITATS ESPECIALS PEL MAT\u00cd I PER LA TARDA.<br \/>\nENS HO VAM PASSAR D&#8217;ALL\u00d2 M\u00c9S B\u00c9:<\/p>\n","protected":false},"author":3,"featured_media":603,"comment_status":"open","ping_status":"open","sticky":false,"template":"","format":"standard","meta":{"_bbp_topic_count":0,"_bbp_reply_count":0,"_bbp_total_topic_count":0,"_bbp_total_reply_count":0,"_bbp_voice_count":0,"_bbp_anonymous_reply_count":0,"_bbp_topic_count_hidden":0,"_bbp_reply_count_hidden":0,"_bbp_forum_subforum_count":0,"footnotes":""},"categories":[10,4],"tags":[55,57],"class_list":["post-602","post","type-post","status-publish","format-standard","has-post-thumbnail","hentry","category-c-inicial","category-portada","tag-activitats","tag-festes"],"post_mailing_queue_ids":[],"_links":{"self":[{"href":"https:\/\/agora.xtec.cat\/esc-elpalau\/wp-json\/wp\/v2\/posts\/602","targetHints":{"allow":["GET"]}}],"collection":[{"href":"https:\/\/agora.xtec.cat\/esc-elpalau\/wp-json\/wp\/v2\/posts"}],"about":[{"href":"https:\/\/agora.xtec.cat\/esc-elpalau\/wp-json\/wp\/v2\/types\/post"}],"author":[{"embeddable":true,"href":"https:\/\/agora.xtec.cat\/esc-elpalau\/wp-json\/wp\/v2\/users\/3"}],"replies":[{"embeddable":true,"href":"https:\/\/agora.xtec.cat\/esc-elpalau\/wp-json\/wp\/v2\/comments?post=602"}],"version-history":[{"count":1,"href":"https:\/\/agora.xtec.cat\/esc-elpalau\/wp-json\/wp\/v2\/posts\/602\/revisions"}],"predecessor-version":[{"id":604,"href":"https:\/\/agora.xtec.cat\/esc-elpalau\/wp-json\/wp\/v2\/posts\/602\/revisions\/604"}],"wp:featuredmedia":[{"embeddable":true,"href":"https:\/\/agora.xtec.cat\/esc-elpalau\/wp-json\/wp\/v2\/media\/603"}],"wp:attachment":[{"href":"https:\/\/agora.xtec.cat\/esc-elpalau\/wp-json\/wp\/v2\/media?parent=602"}],"wp:term":[{"taxonomy":"category","embeddable":true,"href":"https:\/\/agora.xtec.cat\/esc-elpalau\/wp-json\/wp\/v2\/categories?post=602"},{"taxonomy":"post_tag","embeddable":true,"href":"https:\/\/agora.xtec.cat\/esc-elpalau\/wp-json\/wp\/v2\/tags?post=602"}],"curies":[{"name":"wp","href":"https:\/\/api.w.org\/{rel}","templated":true}]}}