{"id":597,"date":"2016-10-14T11:49:52","date_gmt":"2016-10-14T09:49:52","guid":{"rendered":"http:\/\/agora.xtec.cat\/esc-elpalau\/?p=597"},"modified":"2017-03-01T11:50:47","modified_gmt":"2017-03-01T10:50:47","slug":"dia-de-la-pau-2","status":"publish","type":"post","link":"https:\/\/agora.xtec.cat\/esc-elpalau\/portada\/dia-de-la-pau-2\/","title":{"rendered":"DIA DE LA PAU"},"content":{"rendered":"<p>D\u00c0MARIS GELABERT HA COMPOSAT AQUESTA CAN\u00c7\u00d3 TAN BONICA:<\/p>\n<p><a href=\"http:\/\/blocs.xtec.cat\/elpalauci\/files\/2016\/10\/DAMARIS-GELABERT.jpg?rel=0\"><img loading=\"lazy\" decoding=\"async\" class=\"wp-image-1087 alignleft\" src=\"http:\/\/blocs.xtec.cat\/elpalauci\/files\/2016\/10\/DAMARIS-GELABERT.jpg\" alt=\"damaris-gelabert\" width=\"564\" height=\"325\" \/><\/a><\/p>\n<p>&nbsp;<\/p>\n<p>&nbsp;<\/p>\n<p><iframe loading=\"lazy\" src=\"https:\/\/www.youtube.com\/embed\/5Wx8XvYtxko?rel=0\" width=\"560\" height=\"315\" frameborder=\"0\" allowfullscreen=\"allowfullscreen\"><\/iframe><\/p>\n<p>&nbsp;<\/p>\n<p>&nbsp;<\/p>\n<p>&nbsp;<\/p>\n","protected":false},"excerpt":{"rendered":"<p>D\u00c0MARIS GELABERT HA COMPOSAT AQUESTA CAN\u00c7\u00d3 TAN BONICA:<br \/>\n<a href=\"http:\/\/blocs.xtec.cat\/elpalauci\/files\/2016\/10\/DAMARIS-GELABERT.jpg?rel=0\"><\/a><br \/>\n&nbsp;<br \/>\n&nbsp;<\/p>\n<p>&nbsp;<br \/>\n&nbsp;<br \/>\n&nbsp;<\/p>\n","protected":false},"author":3,"featured_media":598,"comment_status":"open","ping_status":"open","sticky":false,"template":"","format":"standard","meta":{"_bbp_topic_count":0,"_bbp_reply_count":0,"_bbp_total_topic_count":0,"_bbp_total_reply_count":0,"_bbp_voice_count":0,"_bbp_anonymous_reply_count":0,"_bbp_topic_count_hidden":0,"_bbp_reply_count_hidden":0,"_bbp_forum_subforum_count":0,"footnotes":""},"categories":[10,4],"tags":[70,71],"class_list":["post-597","post","type-post","status-publish","format-standard","has-post-thumbnail","hentry","category-c-inicial","category-portada","tag-dia-de-la-pau","tag-informacions"],"post_mailing_queue_ids":[],"_links":{"self":[{"href":"https:\/\/agora.xtec.cat\/esc-elpalau\/wp-json\/wp\/v2\/posts\/597","targetHints":{"allow":["GET"]}}],"collection":[{"href":"https:\/\/agora.xtec.cat\/esc-elpalau\/wp-json\/wp\/v2\/posts"}],"about":[{"href":"https:\/\/agora.xtec.cat\/esc-elpalau\/wp-json\/wp\/v2\/types\/post"}],"author":[{"embeddable":true,"href":"https:\/\/agora.xtec.cat\/esc-elpalau\/wp-json\/wp\/v2\/users\/3"}],"replies":[{"embeddable":true,"href":"https:\/\/agora.xtec.cat\/esc-elpalau\/wp-json\/wp\/v2\/comments?post=597"}],"version-history":[{"count":1,"href":"https:\/\/agora.xtec.cat\/esc-elpalau\/wp-json\/wp\/v2\/posts\/597\/revisions"}],"predecessor-version":[{"id":599,"href":"https:\/\/agora.xtec.cat\/esc-elpalau\/wp-json\/wp\/v2\/posts\/597\/revisions\/599"}],"wp:featuredmedia":[{"embeddable":true,"href":"https:\/\/agora.xtec.cat\/esc-elpalau\/wp-json\/wp\/v2\/media\/598"}],"wp:attachment":[{"href":"https:\/\/agora.xtec.cat\/esc-elpalau\/wp-json\/wp\/v2\/media?parent=597"}],"wp:term":[{"taxonomy":"category","embeddable":true,"href":"https:\/\/agora.xtec.cat\/esc-elpalau\/wp-json\/wp\/v2\/categories?post=597"},{"taxonomy":"post_tag","embeddable":true,"href":"https:\/\/agora.xtec.cat\/esc-elpalau\/wp-json\/wp\/v2\/tags?post=597"}],"curies":[{"name":"wp","href":"https:\/\/api.w.org\/{rel}","templated":true}]}}