{"id":549,"date":"2016-12-21T10:17:29","date_gmt":"2016-12-21T09:17:29","guid":{"rendered":"http:\/\/agora.xtec.cat\/esc-elpalau\/?p=549"},"modified":"2017-03-01T10:18:04","modified_gmt":"2017-03-01T09:18:04","slug":"visitem-dues-llars-de-la-vila","status":"publish","type":"post","link":"https:\/\/agora.xtec.cat\/esc-elpalau\/infantil\/visitem-dues-llars-de-la-vila\/","title":{"rendered":"Visitem dues Llars de la vila"},"content":{"rendered":"<p>Com \u00e9s costum al nostre cicle, pels voltants de Nadal la classe del Camell i la classe dels Matossers hem anat a cantar la nostra nadala als infants del Mol\u00ed i del Rod\u00f3. All\u00e0 ens han tractat de meravella i hem gaudit molt de la visita, aqu\u00ed teniu un tastet de la nostra experi\u00e8ncia&#8230; Moltes gr\u00e0cies amics del Mol\u00ed i amics del Rod\u00f3!!!<\/p>\n<div style=\"visibility:visible;width:540px;margin:auto;\"><embed src=\"http:\/\/flash.picturetrail.com\/pflicks\/3\/spflick.swf\" quality=\"high\" FlashVars=\"ql=2&#038;src1=http:\/\/pic20.picturetrail.com:80\/VOL1586\/13740745\/flicks\/1\/9148127\" wmode=\"transparent\" bgcolor=\"#000000\" width=\"540\" height=\"410\" name=\"Zoom and Fade\" align=\"middle\" allowScriptAccess=\"sameDomain\" style=\"height:410px;width:540px\" type=\"application\/x-shockwave-flash\"><\/embed><\/p>\n<p style=\"whitespace:no-wrap;margin-top:10px;height:24px;width:540px\"><a href=\"http:\/\/www.picturetrail.com\/misc\/counter.fcgi?cID=924&#038;link=\/photoFlick\/samples\/pflicks=shtml\"><img decoding=\"async\" align=\"left\" src=\"http:\/\/pics.picturetrail.com\/res\/pflicks\/pt.gif\" border=\"0\" \/><\/a><a href=\"http:\/\/www.picturetrail.com\/misc\/counter.fcgi?cID=925&#038;link=\/photoFlick\/samples\/pflicks=shtml\"><img decoding=\"async\" align=\"left\" style=\"margin-left:5px\" src=\"http:\/\/pics.picturetrail.com\/static\/images\/pt2.gif\" border=\"0\" \/><\/a><\/p>\n<\/div>\n","protected":false},"excerpt":{"rendered":"<p>Com \u00e9s costum al nostre cicle, pels voltants de Nadal la classe del Camell i la classe dels Matossers hem anat a cantar la nostra nadala als infants del Mol\u00ed i del Rod\u00f3. All\u00e0 ens han tractat de meravella i hem gaudit molt de la&hellip;  <a href=\"https:\/\/agora.xtec.cat\/esc-elpalau\/infantil\/visitem-dues-llars-de-la-vila\/\" title=\"Read Visitem dues Llars de la vila\">Llegeix m\u00e9s\u00bb<\/a><\/p>\n","protected":false},"author":3,"featured_media":550,"comment_status":"open","ping_status":"open","sticky":false,"template":"","format":"standard","meta":{"_bbp_topic_count":0,"_bbp_reply_count":0,"_bbp_total_topic_count":0,"_bbp_total_reply_count":0,"_bbp_voice_count":0,"_bbp_anonymous_reply_count":0,"_bbp_topic_count_hidden":0,"_bbp_reply_count_hidden":0,"_bbp_forum_subforum_count":0,"footnotes":""},"categories":[2,4],"tags":[],"class_list":["post-549","post","type-post","status-publish","format-standard","has-post-thumbnail","hentry","category-infantil","category-portada"],"post_mailing_queue_ids":[],"_links":{"self":[{"href":"https:\/\/agora.xtec.cat\/esc-elpalau\/wp-json\/wp\/v2\/posts\/549","targetHints":{"allow":["GET"]}}],"collection":[{"href":"https:\/\/agora.xtec.cat\/esc-elpalau\/wp-json\/wp\/v2\/posts"}],"about":[{"href":"https:\/\/agora.xtec.cat\/esc-elpalau\/wp-json\/wp\/v2\/types\/post"}],"author":[{"embeddable":true,"href":"https:\/\/agora.xtec.cat\/esc-elpalau\/wp-json\/wp\/v2\/users\/3"}],"replies":[{"embeddable":true,"href":"https:\/\/agora.xtec.cat\/esc-elpalau\/wp-json\/wp\/v2\/comments?post=549"}],"version-history":[{"count":1,"href":"https:\/\/agora.xtec.cat\/esc-elpalau\/wp-json\/wp\/v2\/posts\/549\/revisions"}],"predecessor-version":[{"id":551,"href":"https:\/\/agora.xtec.cat\/esc-elpalau\/wp-json\/wp\/v2\/posts\/549\/revisions\/551"}],"wp:featuredmedia":[{"embeddable":true,"href":"https:\/\/agora.xtec.cat\/esc-elpalau\/wp-json\/wp\/v2\/media\/550"}],"wp:attachment":[{"href":"https:\/\/agora.xtec.cat\/esc-elpalau\/wp-json\/wp\/v2\/media?parent=549"}],"wp:term":[{"taxonomy":"category","embeddable":true,"href":"https:\/\/agora.xtec.cat\/esc-elpalau\/wp-json\/wp\/v2\/categories?post=549"},{"taxonomy":"post_tag","embeddable":true,"href":"https:\/\/agora.xtec.cat\/esc-elpalau\/wp-json\/wp\/v2\/tags?post=549"}],"curies":[{"name":"wp","href":"https:\/\/api.w.org\/{rel}","templated":true}]}}