{"id":537,"date":"2016-09-27T09:59:53","date_gmt":"2016-09-27T07:59:53","guid":{"rendered":"http:\/\/agora.xtec.cat\/esc-elpalau\/?p=537"},"modified":"2017-03-01T10:14:26","modified_gmt":"2017-03-01T09:14:26","slug":"anem-a-fer-de-castellers","status":"publish","type":"post","link":"https:\/\/agora.xtec.cat\/esc-elpalau\/general\/anem-a-fer-de-castellers\/","title":{"rendered":"Anem a fer de Castellers!"},"content":{"rendered":"<p>La classe dels Matossers hem visitat el castell\u00f2drom dels nostres castellers. All\u00e0 ens han explicat moltes coses interessants com:  qu\u00e8 \u00e9s una pinya, qu\u00e8 vol dir fer llenya, perqu\u00e8 aixeca la m\u00e0 l\u2019enxaneta&#8230;<\/p>\n<p>Despr\u00e9s, els que hem volgut hem pogut enfilar-nos com a castellers amb el casc posat, d\u2019altres hem fet la pinya i fins i tot ens hem posat la faixa que fan servir perqu\u00e8 els m\u00e9s menudets puguin enganxar-se amb els peus i hi pugin f\u00e0cilment.<\/p>\n<p>Ens ho hem passat s\u00faper b\u00e9!! Gr\u00e0cies Matossers!!<\/p>\n<div style=\"visibility:visible;width:540px;margin:auto;\"><embed src=\"http:\/\/flash.picturetrail.com\/pflicks\/3\/spflick.swf\" quality=\"high\" FlashVars=\"ql=2&#038;src1=http:\/\/pic20.picturetrail.com:80\/VOL1586\/13740745\/flicks\/1\/9139019\" wmode=\"transparent\" bgcolor=\"#000000\" width=\"540\" height=\"410\" name=\"Zoom and Fade\" align=\"middle\" allowScriptAccess=\"sameDomain\" style=\"height:410px;width:540px\" type=\"application\/x-shockwave-flash\"><\/embed><\/p>\n<p style=\"whitespace:no-wrap;margin-top:10px;height:24px;width:540px\"><a href=\"http:\/\/www.picturetrail.com\/misc\/counter.fcgi?cID=924&#038;link=\/photoFlick\/samples\/pflicks=shtml\"><img decoding=\"async\" align=\"left\" src=\"http:\/\/pics.picturetrail.com\/res\/pflicks\/pt.gif\" border=\"0\" \/><\/a><a href=\"http:\/\/www.picturetrail.com\/misc\/counter.fcgi?cID=925&#038;link=\/photoFlick\/samples\/pflicks=shtml\"><img decoding=\"async\" align=\"left\" style=\"margin-left:5px\" src=\"http:\/\/pics.picturetrail.com\/static\/images\/pt2.gif\" border=\"0\" \/><\/a><\/p>\n<\/div>\n","protected":false},"excerpt":{"rendered":"<p>La classe dels Matossers hem visitat el castell\u00f2drom dels nostres castellers. All\u00e0 ens han explicat moltes coses interessants com:  qu\u00e8 \u00e9s una pinya, qu\u00e8 vol dir fer llenya, perqu\u00e8 aixeca la m\u00e0 l\u2019enxaneta&#8230;<br \/>\nDespr\u00e9s, els que hem volgut hem pogut enfilar-nos com a castellers amb&hellip;  <a href=\"https:\/\/agora.xtec.cat\/esc-elpalau\/general\/anem-a-fer-de-castellers\/\" title=\"Read Anem a fer de Castellers!\">Llegeix m\u00e9s\u00bb<\/a><\/p>\n","protected":false},"author":3,"featured_media":0,"comment_status":"open","ping_status":"open","sticky":false,"template":"","format":"standard","meta":{"_bbp_topic_count":0,"_bbp_reply_count":0,"_bbp_total_topic_count":0,"_bbp_total_reply_count":0,"_bbp_voice_count":0,"_bbp_anonymous_reply_count":0,"_bbp_topic_count_hidden":0,"_bbp_reply_count_hidden":0,"_bbp_forum_subforum_count":0,"footnotes":""},"categories":[1,2],"tags":[55,60,59],"class_list":["post-537","post","type-post","status-publish","format-standard","hentry","category-general","category-infantil","tag-activitats","tag-castellers","tag-festa-major"],"post_mailing_queue_ids":[],"_links":{"self":[{"href":"https:\/\/agora.xtec.cat\/esc-elpalau\/wp-json\/wp\/v2\/posts\/537","targetHints":{"allow":["GET"]}}],"collection":[{"href":"https:\/\/agora.xtec.cat\/esc-elpalau\/wp-json\/wp\/v2\/posts"}],"about":[{"href":"https:\/\/agora.xtec.cat\/esc-elpalau\/wp-json\/wp\/v2\/types\/post"}],"author":[{"embeddable":true,"href":"https:\/\/agora.xtec.cat\/esc-elpalau\/wp-json\/wp\/v2\/users\/3"}],"replies":[{"embeddable":true,"href":"https:\/\/agora.xtec.cat\/esc-elpalau\/wp-json\/wp\/v2\/comments?post=537"}],"version-history":[{"count":2,"href":"https:\/\/agora.xtec.cat\/esc-elpalau\/wp-json\/wp\/v2\/posts\/537\/revisions"}],"predecessor-version":[{"id":539,"href":"https:\/\/agora.xtec.cat\/esc-elpalau\/wp-json\/wp\/v2\/posts\/537\/revisions\/539"}],"wp:attachment":[{"href":"https:\/\/agora.xtec.cat\/esc-elpalau\/wp-json\/wp\/v2\/media?parent=537"}],"wp:term":[{"taxonomy":"category","embeddable":true,"href":"https:\/\/agora.xtec.cat\/esc-elpalau\/wp-json\/wp\/v2\/categories?post=537"},{"taxonomy":"post_tag","embeddable":true,"href":"https:\/\/agora.xtec.cat\/esc-elpalau\/wp-json\/wp\/v2\/tags?post=537"}],"curies":[{"name":"wp","href":"https:\/\/api.w.org\/{rel}","templated":true}]}}