{"id":490,"date":"2017-02-03T09:43:41","date_gmt":"2017-02-03T08:43:41","guid":{"rendered":"http:\/\/agora.xtec.cat\/esc-elpalau\/?p=490"},"modified":"2017-03-01T10:10:15","modified_gmt":"2017-03-01T09:10:15","slug":"al-palau-hi-ha-dimonis","status":"publish","type":"post","link":"https:\/\/agora.xtec.cat\/esc-elpalau\/general\/al-palau-hi-ha-dimonis\/","title":{"rendered":"AL PALAU HI HA DIMONIS!!!"},"content":{"rendered":"<h4 style=\"text-align: justify;\">A la vila de Molins de Rei, la canalla, des de ben petita, veu les espurnes del Camell a coll i be del seu pare, s\u2019amaga a les faldilles de la mare quan peta la traca final i c\u00f3rrer sota els espetecs que surten de les forques dels dimonis i les b\u00e8sties. S\u00f3n molts els valents que acaben posant-se la casaca i petant carretilles aprofitant un motiu de festa. Tamb\u00e9 n\u2019hi ha de m\u00e9s porucs que volen i dolen. Per a tots ells, amb motiu del 90\u00e8 aniversari de la nostra escola El Palau, hem convidat a la Colla de Dimonis de Molins de Rei perqu\u00e8 ens facin un taller de dimonis!!! Amb ells hem apr\u00e8s els or\u00edgens dels dimonis, diables i bestiari de foc, i ja sabem les normes per participar en un correfoc. Per acabar ens hem protegit amb el vestit, hem aixecat ben alt les forques i &#8230; a saltar i fer voltes!<\/h4>\n<p>&nbsp;<\/p>\n<p><iframe loading=\"lazy\" title=\"HEM FET DE DIMONI\" width=\"500\" height=\"281\" src=\"https:\/\/www.youtube.com\/embed\/DnPWDSUqsZI?feature=oembed\" frameborder=\"0\" allow=\"accelerometer; autoplay; clipboard-write; encrypted-media; gyroscope; picture-in-picture; web-share\" referrerpolicy=\"strict-origin-when-cross-origin\" allowfullscreen><\/iframe><\/p>\n<p><a href=\"https:\/\/youtu.be\/RQ6xWa_oug0\">https:\/\/youtu.be\/RQ6xWa_oug0<\/a><\/p>\n<p><iframe loading=\"lazy\" src=\"https:\/\/www.youtube.com\/embed\/Ibtd3qdcL40?rel=0\" width=\"500\" height=\"315\" frameborder=\"0\" allowfullscreen=\"allowfullscreen\"><\/iframe><\/p>\n","protected":false},"excerpt":{"rendered":"<p>A la vila de Molins de Rei, la canalla, des de ben petita, veu les espurnes del Camell a coll i be del seu pare, s\u2019amaga a les faldilles de la mare quan peta la traca final i c\u00f3rrer sota els espetecs que surten de&hellip;  <a href=\"https:\/\/agora.xtec.cat\/esc-elpalau\/general\/al-palau-hi-ha-dimonis\/\" title=\"Read AL PALAU HI HA DIMONIS!!!\">Llegeix m\u00e9s\u00bb<\/a><\/p>\n","protected":false},"author":3,"featured_media":0,"comment_status":"open","ping_status":"open","sticky":false,"template":"","format":"standard","meta":{"_bbp_topic_count":0,"_bbp_reply_count":0,"_bbp_total_topic_count":0,"_bbp_total_reply_count":0,"_bbp_voice_count":0,"_bbp_anonymous_reply_count":0,"_bbp_topic_count_hidden":0,"_bbp_reply_count_hidden":0,"_bbp_forum_subforum_count":0,"footnotes":""},"categories":[1,4],"tags":[55],"class_list":["post-490","post","type-post","status-publish","format-standard","hentry","category-general","category-portada","tag-activitats"],"post_mailing_queue_ids":[],"_links":{"self":[{"href":"https:\/\/agora.xtec.cat\/esc-elpalau\/wp-json\/wp\/v2\/posts\/490","targetHints":{"allow":["GET"]}}],"collection":[{"href":"https:\/\/agora.xtec.cat\/esc-elpalau\/wp-json\/wp\/v2\/posts"}],"about":[{"href":"https:\/\/agora.xtec.cat\/esc-elpalau\/wp-json\/wp\/v2\/types\/post"}],"author":[{"embeddable":true,"href":"https:\/\/agora.xtec.cat\/esc-elpalau\/wp-json\/wp\/v2\/users\/3"}],"replies":[{"embeddable":true,"href":"https:\/\/agora.xtec.cat\/esc-elpalau\/wp-json\/wp\/v2\/comments?post=490"}],"version-history":[{"count":3,"href":"https:\/\/agora.xtec.cat\/esc-elpalau\/wp-json\/wp\/v2\/posts\/490\/revisions"}],"predecessor-version":[{"id":494,"href":"https:\/\/agora.xtec.cat\/esc-elpalau\/wp-json\/wp\/v2\/posts\/490\/revisions\/494"}],"wp:attachment":[{"href":"https:\/\/agora.xtec.cat\/esc-elpalau\/wp-json\/wp\/v2\/media?parent=490"}],"wp:term":[{"taxonomy":"category","embeddable":true,"href":"https:\/\/agora.xtec.cat\/esc-elpalau\/wp-json\/wp\/v2\/categories?post=490"},{"taxonomy":"post_tag","embeddable":true,"href":"https:\/\/agora.xtec.cat\/esc-elpalau\/wp-json\/wp\/v2\/tags?post=490"}],"curies":[{"name":"wp","href":"https:\/\/api.w.org\/{rel}","templated":true}]}}