{"id":4341,"date":"2026-04-22T12:54:11","date_gmt":"2026-04-22T10:54:11","guid":{"rendered":"https:\/\/agora.xtec.cat\/esc-elpalau\/?p=4341"},"modified":"2026-04-22T13:05:47","modified_gmt":"2026-04-22T11:05:47","slug":"radio-el-palau-a-cicle-superior","status":"publish","type":"post","link":"https:\/\/agora.xtec.cat\/esc-elpalau\/general\/radio-el-palau-a-cicle-superior\/","title":{"rendered":"R\u00c0DIO EL PALAU A CICLE SUPERIOR"},"content":{"rendered":"<p>&nbsp;<\/p>\n<p><em><strong>TALLER D&#8217;ORALITAT<\/strong><\/em><\/p>\n<p>Al taller d\u2019oralitat de cicle superior ens hem convertit en periodistes, tertulians i experts en tecnologia per parlar d\u2019un tema que ens toca molt de prop:\u00a0<strong>s\u2019han de prohibir les xarxes socials als menors de 16 anys?<\/strong><\/p>\n<p>A partir d\u2019una not\u00edcia real i actual, hem obert el debat. Hi ha qui pensa que \u00e9s una bona manera de protegir els joves. D\u2019altres creuen que prohibir no \u00e9s la soluci\u00f3. I vosaltres, qu\u00e8 en penseu?<\/p>\n<h3>Qu\u00e8 hem fet?<\/h3>\n<ul>\n<li>Hem analitzat la not\u00edcia com a aut\u00e8ntics redactors.<\/li>\n<li>Hem contrastat opinions i arguments.<\/li>\n<li>Hem apr\u00e8s a escoltar, respectar torns i respondre amb criteri.<\/li>\n<li>I finalment\u2026 hem gravat el nostre propi podcast!<\/li>\n<\/ul>\n<p>Ara us convidem a escoltar-nos\u2026 i a continuar el debat a casa!<a href=\"https:\/\/agora.xtec.cat\/esc-elpalau\/wp-content\/uploads\/usu1480\/2026\/04\/microfono-y-auriculares-diseno-de-logotipo-grabacion-radio-audifonos-sketch-podcast-223585060.webp\"><img loading=\"lazy\" decoding=\"async\" class=\"wp-image-4342 alignright\" src=\"https:\/\/agora.xtec.cat\/esc-elpalau\/wp-content\/uploads\/usu1480\/2026\/04\/microfono-y-auriculares-diseno-de-logotipo-grabacion-radio-audifonos-sketch-podcast-223585060.webp\" alt=\"\" width=\"227\" height=\"295\" srcset=\"https:\/\/agora.xtec.cat\/esc-elpalau\/wp-content\/uploads\/usu1480\/2026\/04\/microfono-y-auriculares-diseno-de-logotipo-grabacion-radio-audifonos-sketch-podcast-223585060.webp 576w, https:\/\/agora.xtec.cat\/esc-elpalau\/wp-content\/uploads\/usu1480\/2026\/04\/microfono-y-auriculares-diseno-de-logotipo-grabacion-radio-audifonos-sketch-podcast-223585060-231x300.webp 231w\" sizes=\"auto, (max-width: 227px) 100vw, 227px\" \/><\/a><\/p>\n<p>Per fer-ho cliqueu <a href=\"https:\/\/drive.google.com\/file\/d\/157CQE-NLylpOnUysI95cubDoxATDcgr5\/view?usp=drive_link\">aqu\u00ed<\/a><\/p>\n","protected":false},"excerpt":{"rendered":"<p>&nbsp;<br \/>\nTALLER D&#8217;ORALITAT<br \/>\nAl taller d\u2019oralitat de cicle superior ens hem convertit en periodistes, tertulians i experts en tecnologia per parlar d\u2019un tema que ens toca molt de prop:\u00a0s\u2019han de prohibir les xarxes socials als menors de 16 anys?<br \/>\nA partir d\u2019una not\u00edcia real i actual, hem obert&hellip;  <a href=\"https:\/\/agora.xtec.cat\/esc-elpalau\/general\/radio-el-palau-a-cicle-superior\/\" title=\"Read R\u00c0DIO EL PALAU A CICLE SUPERIOR\">Llegeix m\u00e9s\u00bb<\/a><\/p>\n","protected":false},"author":1,"featured_media":0,"comment_status":"open","ping_status":"open","sticky":false,"template":"","format":"standard","meta":{"_bbp_topic_count":0,"_bbp_reply_count":0,"_bbp_total_topic_count":0,"_bbp_total_reply_count":0,"_bbp_voice_count":0,"_bbp_anonymous_reply_count":0,"_bbp_topic_count_hidden":0,"_bbp_reply_count_hidden":0,"_bbp_forum_subforum_count":0,"footnotes":""},"categories":[12,1,5],"tags":[],"class_list":["post-4341","post","type-post","status-publish","format-standard","hentry","category-c-superior","category-general","category-primaria"],"post_mailing_queue_ids":[],"_links":{"self":[{"href":"https:\/\/agora.xtec.cat\/esc-elpalau\/wp-json\/wp\/v2\/posts\/4341","targetHints":{"allow":["GET"]}}],"collection":[{"href":"https:\/\/agora.xtec.cat\/esc-elpalau\/wp-json\/wp\/v2\/posts"}],"about":[{"href":"https:\/\/agora.xtec.cat\/esc-elpalau\/wp-json\/wp\/v2\/types\/post"}],"author":[{"embeddable":true,"href":"https:\/\/agora.xtec.cat\/esc-elpalau\/wp-json\/wp\/v2\/users\/1"}],"replies":[{"embeddable":true,"href":"https:\/\/agora.xtec.cat\/esc-elpalau\/wp-json\/wp\/v2\/comments?post=4341"}],"version-history":[{"count":1,"href":"https:\/\/agora.xtec.cat\/esc-elpalau\/wp-json\/wp\/v2\/posts\/4341\/revisions"}],"predecessor-version":[{"id":4347,"href":"https:\/\/agora.xtec.cat\/esc-elpalau\/wp-json\/wp\/v2\/posts\/4341\/revisions\/4347"}],"wp:attachment":[{"href":"https:\/\/agora.xtec.cat\/esc-elpalau\/wp-json\/wp\/v2\/media?parent=4341"}],"wp:term":[{"taxonomy":"category","embeddable":true,"href":"https:\/\/agora.xtec.cat\/esc-elpalau\/wp-json\/wp\/v2\/categories?post=4341"},{"taxonomy":"post_tag","embeddable":true,"href":"https:\/\/agora.xtec.cat\/esc-elpalau\/wp-json\/wp\/v2\/tags?post=4341"}],"curies":[{"name":"wp","href":"https:\/\/api.w.org\/{rel}","templated":true}]}}