{"id":4261,"date":"2026-02-01T14:36:12","date_gmt":"2026-02-01T13:36:12","guid":{"rendered":"https:\/\/agora.xtec.cat\/esc-elpalau\/?p=4261"},"modified":"2026-02-19T17:07:53","modified_gmt":"2026-02-19T16:07:53","slug":"radio-el-palau","status":"publish","type":"post","link":"https:\/\/agora.xtec.cat\/esc-elpalau\/general\/radio-el-palau\/","title":{"rendered":"R\u00e0dio el Palau"},"content":{"rendered":"<p>&nbsp;<\/p>\n<p><img loading=\"lazy\" decoding=\"async\" class=\"aligncenter\" src=\"https:\/\/heroesdelaconcepcion.cl\/wp-content\/uploads\/2021\/07\/radio1.jpg\" alt=\"Programa Piloto Radio Escolar \u2013 H\u00e9roes de la Concepci\u00f3n\" width=\"277\" height=\"162\" \/><\/p>\n<p>&nbsp;<\/p>\n<p><b>El rac\u00f3 de cicle mitj\u00e0, el nou p\u00f2dcast de R\u00e0dio El Palau!<\/b><\/p>\n<p><span style=\"font-weight: 400;\">Un dels trets q<\/span><span style=\"font-weight: 400;\">ue defineixen el nostre projecte educatiu \u00e9s la realitzaci\u00f3 dels tallers d\u2019oralitat, i el de r\u00e0dio n\u2019\u00e9s un exemple. Es tracta d\u2019un espai en qu\u00e8 els alumnes de cicle mitj\u00e0 descobreixen aquest mitj\u00e0 de comunicaci\u00f3 i enregistren un breu programa amb diferents seccions.<\/span><\/p>\n<p><span style=\"font-weight: 400;\">\u00a0Us convidem a escoltar els programes del primer grup, en qu\u00e8 cinc parelles d\u2019alumnes ens parlen dels seus companys i companyes. S\u00f3n p\u00f2dcasts que us faran riure amb els seus acudits i en els quals tamb\u00e9 trobareu recomanacions de les seves can\u00e7ons preferides.<\/span><\/p>\n<p><span style=\"font-weight: 400;\">\u00a0 P<\/span><span style=\"font-family: inherit; font-size: 1em;\">odreu comprovar com, sessi\u00f3 rere sessi\u00f3, han anat evolucionant en flu\u00efdesa i seguretat. Ha\u00a0 \u00a0 \u00a0 \u00a0 \u00a0 \u00a0 \u00a0 \u00a0 \u00a0 \u00a0 \u00a0 \u00a0 \u00a0 \u00a0 \u00a0 \u00a0 \u00a0 \u00a0 \u00a0 \u00a0 \u00a0 \u00a0 \u00a0 \u00a0 \u00a0 \u00a0 \u00a0 \u00a0 \u00a0 \u00a0 \u00a0 \u00a0 \u00a0 \u00a0 \u00a0 \u00a0 \u00a0 \u00a0estat una experi\u00e8ncia molt enriquidora i divertida!<\/span><\/p>\n<p>Cliqueu <a href=\"https:\/\/drive.google.com\/file\/d\/1IrSbntbbGmsOl0DG_IwJx4kf9XXTVQMJ\/view\">aqu\u00ed <\/a>per escoltar el p\u00f2dcast 1 de la In\u00e9s i l&#8217;Aina.<\/p>\n<p>Cliqueu <a href=\"https:\/\/drive.google.com\/file\/d\/1eL52XC7RiAPHs1moBmD8McRGPp-Ok4fm\/view\">aqu\u00ed<\/a> per escoltar el p\u00f2dcast 2 de l&#8217;Abel i el Pablo.<\/p>\n<p>Cliqueu <a href=\"https:\/\/drive.google.com\/file\/d\/1GGGY8xJsRGcY_yUl5hPpPPPgNmLf7xLe\/view\">aqu\u00ed <\/a>per escoltar el p\u00f2dcast 3 del Daniel i l&#8217;Ona.<\/p>\n<p>Cliqueu <a href=\"https:\/\/drive.google.com\/file\/d\/1dWVmhj_fh8OwEjM8MORYHkEuHhASV33j\/view\">aqu\u00ed <\/a>per escoltar el p\u00f2dcast 4 de la Isona i Thiago.<\/p>\n<p>Cliqueu <a href=\"https:\/\/drive.google.com\/file\/d\/1a1m8-PAFN2MnVrhB9_KC0nnJuK47vnn2\/view\">aqu\u00ed<\/a> per escoltar el p\u00f2dcast 5 de la Laia i la Leire.<\/p>\n","protected":false},"excerpt":{"rendered":"<p>&nbsp;<\/p>\n<p>&nbsp;<br \/>\nEl rac\u00f3 de cicle mitj\u00e0, el nou p\u00f2dcast de R\u00e0dio El Palau!<br \/>\nUn dels trets que defineixen el nostre projecte educatiu \u00e9s la realitzaci\u00f3 dels tallers d\u2019oralitat, i el de r\u00e0dio n\u2019\u00e9s un exemple. Es tracta d\u2019un espai en qu\u00e8 els alumnes de cicle mitj\u00e0 descobreixen&hellip;  <a href=\"https:\/\/agora.xtec.cat\/esc-elpalau\/general\/radio-el-palau\/\" title=\"Read R\u00e0dio el Palau\">Llegeix m\u00e9s\u00bb<\/a><\/p>\n","protected":false},"author":1,"featured_media":0,"comment_status":"open","ping_status":"open","sticky":false,"template":"","format":"standard","meta":{"_bbp_topic_count":0,"_bbp_reply_count":0,"_bbp_total_topic_count":0,"_bbp_total_reply_count":0,"_bbp_voice_count":0,"_bbp_anonymous_reply_count":0,"_bbp_topic_count_hidden":0,"_bbp_reply_count_hidden":0,"_bbp_forum_subforum_count":0,"footnotes":""},"categories":[11,156,1,4],"tags":[],"class_list":["post-4261","post","type-post","status-publish","format-standard","hentry","category-c-mitja","category-podcast-c-mitja","category-general","category-portada"],"post_mailing_queue_ids":[],"_links":{"self":[{"href":"https:\/\/agora.xtec.cat\/esc-elpalau\/wp-json\/wp\/v2\/posts\/4261","targetHints":{"allow":["GET"]}}],"collection":[{"href":"https:\/\/agora.xtec.cat\/esc-elpalau\/wp-json\/wp\/v2\/posts"}],"about":[{"href":"https:\/\/agora.xtec.cat\/esc-elpalau\/wp-json\/wp\/v2\/types\/post"}],"author":[{"embeddable":true,"href":"https:\/\/agora.xtec.cat\/esc-elpalau\/wp-json\/wp\/v2\/users\/1"}],"replies":[{"embeddable":true,"href":"https:\/\/agora.xtec.cat\/esc-elpalau\/wp-json\/wp\/v2\/comments?post=4261"}],"version-history":[{"count":6,"href":"https:\/\/agora.xtec.cat\/esc-elpalau\/wp-json\/wp\/v2\/posts\/4261\/revisions"}],"predecessor-version":[{"id":4299,"href":"https:\/\/agora.xtec.cat\/esc-elpalau\/wp-json\/wp\/v2\/posts\/4261\/revisions\/4299"}],"wp:attachment":[{"href":"https:\/\/agora.xtec.cat\/esc-elpalau\/wp-json\/wp\/v2\/media?parent=4261"}],"wp:term":[{"taxonomy":"category","embeddable":true,"href":"https:\/\/agora.xtec.cat\/esc-elpalau\/wp-json\/wp\/v2\/categories?post=4261"},{"taxonomy":"post_tag","embeddable":true,"href":"https:\/\/agora.xtec.cat\/esc-elpalau\/wp-json\/wp\/v2\/tags?post=4261"}],"curies":[{"name":"wp","href":"https:\/\/api.w.org\/{rel}","templated":true}]}}