{"id":4095,"date":"2025-05-06T15:16:39","date_gmt":"2025-05-06T13:16:39","guid":{"rendered":"https:\/\/agora.xtec.cat\/esc-elpalau\/?p=4095"},"modified":"2025-11-04T15:16:55","modified_gmt":"2025-11-04T14:16:55","slug":"colonies-dinfantil-i-pujada-a-sta-creu","status":"publish","type":"post","link":"https:\/\/agora.xtec.cat\/esc-elpalau\/infantil\/colonies-dinfantil-i-pujada-a-sta-creu\/","title":{"rendered":"COL\u00d2NIES D&#8217;INFANTIL I PUJADA A STA. CREU"},"content":{"rendered":"<p>El passat 1 i 2 d&#8217;abril, els alumnes d&#8217;infantil van viure unes col\u00f2nies molt divertides i plenes d&#8217;experi\u00e8ncies inoblidables.<br \/>\nAqu\u00ed us deixem un tastet perqu\u00e8 pugueu veure el que vam gaudir tots plegats.<br \/>\nAh, i al final del v\u00eddeo tamb\u00e9 teniu algunes fotos de la sortida a Sta. Creu que, com sempre, va ser fant\u00e0stica.<\/p>\n<p><iframe loading=\"lazy\" title=\"Sortides infantil\" width=\"500\" height=\"375\" src=\"https:\/\/www.youtube.com\/embed\/LLNVjm2DqvA?feature=oembed\" frameborder=\"0\" allow=\"accelerometer; autoplay; clipboard-write; encrypted-media; gyroscope; picture-in-picture; web-share\" referrerpolicy=\"strict-origin-when-cross-origin\" allowfullscreen><\/iframe><\/p>\n","protected":false},"excerpt":{"rendered":"<p>El passat 1 i 2 d&#8217;abril, els alumnes d&#8217;infantil van viure unes col\u00f2nies molt divertides i plenes d&#8217;experi\u00e8ncies inoblidables.<br \/>\nAqu\u00ed us deixem un tastet perqu\u00e8 pugueu veure el que vam gaudir tots plegats.<br \/>\nAh, i al final del v\u00eddeo tamb\u00e9 teniu algunes fotos de la sortida a&hellip;  <a href=\"https:\/\/agora.xtec.cat\/esc-elpalau\/infantil\/colonies-dinfantil-i-pujada-a-sta-creu\/\" title=\"Read COL\u00d2NIES D&#8217;INFANTIL I PUJADA A STA. CREU\">Llegeix m\u00e9s\u00bb<\/a><\/p>\n","protected":false},"author":18,"featured_media":4177,"comment_status":"open","ping_status":"closed","sticky":false,"template":"","format":"standard","meta":{"_bbp_topic_count":0,"_bbp_reply_count":0,"_bbp_total_topic_count":0,"_bbp_total_reply_count":0,"_bbp_voice_count":0,"_bbp_anonymous_reply_count":0,"_bbp_topic_count_hidden":0,"_bbp_reply_count_hidden":0,"_bbp_forum_subforum_count":0,"footnotes":""},"categories":[2],"tags":[],"class_list":["post-4095","post","type-post","status-publish","format-standard","has-post-thumbnail","hentry","category-infantil"],"post_mailing_queue_ids":[],"_links":{"self":[{"href":"https:\/\/agora.xtec.cat\/esc-elpalau\/wp-json\/wp\/v2\/posts\/4095","targetHints":{"allow":["GET"]}}],"collection":[{"href":"https:\/\/agora.xtec.cat\/esc-elpalau\/wp-json\/wp\/v2\/posts"}],"about":[{"href":"https:\/\/agora.xtec.cat\/esc-elpalau\/wp-json\/wp\/v2\/types\/post"}],"author":[{"embeddable":true,"href":"https:\/\/agora.xtec.cat\/esc-elpalau\/wp-json\/wp\/v2\/users\/18"}],"replies":[{"embeddable":true,"href":"https:\/\/agora.xtec.cat\/esc-elpalau\/wp-json\/wp\/v2\/comments?post=4095"}],"version-history":[{"count":2,"href":"https:\/\/agora.xtec.cat\/esc-elpalau\/wp-json\/wp\/v2\/posts\/4095\/revisions"}],"predecessor-version":[{"id":4097,"href":"https:\/\/agora.xtec.cat\/esc-elpalau\/wp-json\/wp\/v2\/posts\/4095\/revisions\/4097"}],"wp:featuredmedia":[{"embeddable":true,"href":"https:\/\/agora.xtec.cat\/esc-elpalau\/wp-json\/wp\/v2\/media\/4177"}],"wp:attachment":[{"href":"https:\/\/agora.xtec.cat\/esc-elpalau\/wp-json\/wp\/v2\/media?parent=4095"}],"wp:term":[{"taxonomy":"category","embeddable":true,"href":"https:\/\/agora.xtec.cat\/esc-elpalau\/wp-json\/wp\/v2\/categories?post=4095"},{"taxonomy":"post_tag","embeddable":true,"href":"https:\/\/agora.xtec.cat\/esc-elpalau\/wp-json\/wp\/v2\/tags?post=4095"}],"curies":[{"name":"wp","href":"https:\/\/api.w.org\/{rel}","templated":true}]}}