{"id":4050,"date":"2024-12-11T12:56:23","date_gmt":"2024-12-11T11:56:23","guid":{"rendered":"https:\/\/agora.xtec.cat\/esc-elpalau\/?p=4050"},"modified":"2025-02-19T15:41:17","modified_gmt":"2025-02-19T14:41:17","slug":"el-dia-de-la-no-violencia-i-la-pau-a-lescola","status":"publish","type":"post","link":"https:\/\/agora.xtec.cat\/esc-elpalau\/general\/el-dia-de-la-no-violencia-i-la-pau-a-lescola\/","title":{"rendered":"EL DIA DE LA NO-VIOL\u00c8NCIA I LA PAU A L&#8217;ESCOLA."},"content":{"rendered":"<p>El passat dijous 30 de gener vam celebrar el Dia Escolar de la No-viol\u00e8ncia i la Pau.<\/p>\n<p>Al llarg de la jornada, vam treballar el valor de la pau mitjan\u00e7ant tallers creatius en grups internivell d&#8217;infantil i prim\u00e0ria, on l&#8217;art, els contes, i diferents din\u00e0miques cooperatives ens van ajudar a refor\u00e7ar valors com la conviv\u00e8ncia, l&#8217;empatia, el respecte i la solidaritat, entre d&#8217;altres&#8230;<\/p>\n<p>Per concloure el dia, a la tarda, els alumnes van escriure missatges de pau a unes cintes de colors, que despr\u00e9s van penjar en un arbre del pati, convertint-lo en un s\u00edmbol ple d\u2019esperan\u00e7a i bons desitjos.<\/p>\n<p>Ha estat una experi\u00e8ncia molt enriquidora, on grans i petits han apr\u00e8s junts la import\u00e0ncia de construir un m\u00f3n m\u00e9s pac\u00edfic i amable entre totes i tots.<\/p>\n<div style=\"width: 648px;\" class=\"wp-video\"><!--[if lt IE 9]><script>document.createElement('video');<\/script><![endif]-->\n<video class=\"wp-video-shortcode\" id=\"video-4050-1\" width=\"648\" height=\"810\" preload=\"metadata\" controls=\"controls\"><source type=\"video\/mp4\" src=\"https:\/\/agora.xtec.cat\/esc-elpalau\/wp-content\/uploads\/usu1480\/2025\/02\/182_Itu5dZtO.mp4?_=1\" \/><a href=\"https:\/\/agora.xtec.cat\/esc-elpalau\/wp-content\/uploads\/usu1480\/2025\/02\/182_Itu5dZtO.mp4\">https:\/\/agora.xtec.cat\/esc-elpalau\/wp-content\/uploads\/usu1480\/2025\/02\/182_Itu5dZtO.mp4<\/a><\/video><\/div>\n<p>&nbsp;<\/p>\n<p>&nbsp;<\/p>\n<p>&nbsp;<\/p>\n","protected":false},"excerpt":{"rendered":"<p>El passat dijous 30 de gener vam celebrar el Dia Escolar de la No-viol\u00e8ncia i la Pau.<br \/>\nAl llarg de la jornada, vam treballar el valor de la pau mitjan\u00e7ant tallers creatius en grups internivell d&#8217;infantil i prim\u00e0ria, on l&#8217;art, els contes, i diferents din\u00e0miques cooperatives&hellip;  <a href=\"https:\/\/agora.xtec.cat\/esc-elpalau\/general\/el-dia-de-la-no-violencia-i-la-pau-a-lescola\/\" title=\"Read EL DIA DE LA NO-VIOL\u00c8NCIA I LA PAU A L&#8217;ESCOLA.\">Llegeix m\u00e9s\u00bb<\/a><\/p>\n","protected":false},"author":45,"featured_media":4054,"comment_status":"open","ping_status":"closed","sticky":false,"template":"","format":"standard","meta":{"_bbp_topic_count":0,"_bbp_reply_count":0,"_bbp_total_topic_count":0,"_bbp_total_reply_count":0,"_bbp_voice_count":0,"_bbp_anonymous_reply_count":0,"_bbp_topic_count_hidden":0,"_bbp_reply_count_hidden":0,"_bbp_forum_subforum_count":0,"footnotes":""},"categories":[1,2,4,5],"tags":[],"class_list":["post-4050","post","type-post","status-publish","format-standard","has-post-thumbnail","hentry","category-general","category-infantil","category-portada","category-primaria"],"post_mailing_queue_ids":[],"_links":{"self":[{"href":"https:\/\/agora.xtec.cat\/esc-elpalau\/wp-json\/wp\/v2\/posts\/4050","targetHints":{"allow":["GET"]}}],"collection":[{"href":"https:\/\/agora.xtec.cat\/esc-elpalau\/wp-json\/wp\/v2\/posts"}],"about":[{"href":"https:\/\/agora.xtec.cat\/esc-elpalau\/wp-json\/wp\/v2\/types\/post"}],"author":[{"embeddable":true,"href":"https:\/\/agora.xtec.cat\/esc-elpalau\/wp-json\/wp\/v2\/users\/45"}],"replies":[{"embeddable":true,"href":"https:\/\/agora.xtec.cat\/esc-elpalau\/wp-json\/wp\/v2\/comments?post=4050"}],"version-history":[{"count":3,"href":"https:\/\/agora.xtec.cat\/esc-elpalau\/wp-json\/wp\/v2\/posts\/4050\/revisions"}],"predecessor-version":[{"id":4057,"href":"https:\/\/agora.xtec.cat\/esc-elpalau\/wp-json\/wp\/v2\/posts\/4050\/revisions\/4057"}],"wp:featuredmedia":[{"embeddable":true,"href":"https:\/\/agora.xtec.cat\/esc-elpalau\/wp-json\/wp\/v2\/media\/4054"}],"wp:attachment":[{"href":"https:\/\/agora.xtec.cat\/esc-elpalau\/wp-json\/wp\/v2\/media?parent=4050"}],"wp:term":[{"taxonomy":"category","embeddable":true,"href":"https:\/\/agora.xtec.cat\/esc-elpalau\/wp-json\/wp\/v2\/categories?post=4050"},{"taxonomy":"post_tag","embeddable":true,"href":"https:\/\/agora.xtec.cat\/esc-elpalau\/wp-json\/wp\/v2\/tags?post=4050"}],"curies":[{"name":"wp","href":"https:\/\/api.w.org\/{rel}","templated":true}]}}