{"id":4028,"date":"2024-12-12T15:05:33","date_gmt":"2024-12-12T14:05:33","guid":{"rendered":"https:\/\/agora.xtec.cat\/esc-elpalau\/?p=4028"},"modified":"2025-02-04T15:12:57","modified_gmt":"2025-02-04T14:12:57","slug":"jornades-de-robotica-a-lescola","status":"publish","type":"post","link":"https:\/\/agora.xtec.cat\/esc-elpalau\/general\/jornades-de-robotica-a-lescola\/","title":{"rendered":"Jornades de rob\u00f2tica a l&#8217;escola"},"content":{"rendered":"<p>A la nostra escola hem celebrat les Jornades de Rob\u00f2tica, un espai dedicat a l\u2019intercanvi d\u2019experi\u00e8ncies did\u00e0ctiques sobre programaci\u00f3 i rob\u00f2tica, amb l\u2019objectiu de potenciar la compet\u00e8ncia digital de l\u2019alumnat.<\/p>\n<p>Cada cicle ha participat en diferents activitats adaptades a la seva edat i nivell d\u2019aprenentatge: <strong>Cicle Inicial<\/strong> ha creat animals vertebrats motoritzats amb <strong>LEGO WeDo<\/strong>, fomentant el pensament cr\u00edtic i la resoluci\u00f3 de problemes mitjan\u00e7ant el treball en parelles; <strong>Cicle Mitj\u00e0<\/strong> ha descobert els robots <strong>Codey Rocky<\/strong>, iniciant-se en la programaci\u00f3 per blocs de manera l\u00fadica i creativa. Finalment, <strong>Cicle Superior<\/strong> ha experimentat amb les plaques <strong>micro:bit<\/strong>, petites computadores programables que permeten crear projectes interactius i introduir-se en el m\u00f3n de la programaci\u00f3 i l\u2019electr\u00f2nica de manera pr\u00e0ctica. A m\u00e9s a m\u00e9s, tant Cicle Mitj\u00e0 com Cicle Superior s&#8217;han iniciat en l&#8217;\u00fas del programa <strong>Code.org<\/strong>, a fi de refor\u00e7ar alguns coneixements b\u00e0sics de programaci\u00f3,<\/p>\n<p>Totes aquestes activitats estan dissenyades per desenvolupar el pensament computacional dels nostres alumnes, alhora que experimenten amb materials tecnol\u00f2gics i treballen de manera col\u00b7laborativa en grups. Tot plegat els ajuda a resoldre problemes, desenvolupar el pensament cr\u00edtic i veure les errades com una oportunitat per aprendre.<\/p>\n<p>&nbsp;<\/p>\n<div style=\"width: 1080px;\" class=\"wp-video\"><!--[if lt IE 9]><script>document.createElement('video');<\/script><![endif]-->\n<video class=\"wp-video-shortcode\" id=\"video-4028-1\" width=\"1080\" height=\"1350\" preload=\"metadata\" controls=\"controls\"><source type=\"video\/mp4\" src=\"https:\/\/agora.xtec.cat\/esc-elpalau\/wp-content\/uploads\/usu1480\/2025\/02\/inshot-20250204-132136680_y8y0uCWO.mp4?_=1\" \/><a href=\"https:\/\/agora.xtec.cat\/esc-elpalau\/wp-content\/uploads\/usu1480\/2025\/02\/inshot-20250204-132136680_y8y0uCWO.mp4\">https:\/\/agora.xtec.cat\/esc-elpalau\/wp-content\/uploads\/usu1480\/2025\/02\/inshot-20250204-132136680_y8y0uCWO.mp4<\/a><\/video><\/div>\n","protected":false},"excerpt":{"rendered":"<p>A la nostra escola hem celebrat les Jornades de Rob\u00f2tica, un espai dedicat a l\u2019intercanvi d\u2019experi\u00e8ncies did\u00e0ctiques sobre programaci\u00f3 i rob\u00f2tica, amb l\u2019objectiu de potenciar la compet\u00e8ncia digital de l\u2019alumnat.<br \/>\nCada cicle ha participat en diferents activitats adaptades a la seva edat i nivell d\u2019aprenentatge: Cicle&hellip;  <a href=\"https:\/\/agora.xtec.cat\/esc-elpalau\/general\/jornades-de-robotica-a-lescola\/\" title=\"Read Jornades de rob\u00f2tica a l&#8217;escola\">Llegeix m\u00e9s\u00bb<\/a><\/p>\n","protected":false},"author":39,"featured_media":0,"comment_status":"open","ping_status":"closed","sticky":false,"template":"","format":"standard","meta":{"_bbp_topic_count":0,"_bbp_reply_count":0,"_bbp_total_topic_count":0,"_bbp_total_reply_count":0,"_bbp_voice_count":0,"_bbp_anonymous_reply_count":0,"_bbp_topic_count_hidden":0,"_bbp_reply_count_hidden":0,"_bbp_forum_subforum_count":0,"footnotes":""},"categories":[10,11,12,1,4,5],"tags":[],"class_list":["post-4028","post","type-post","status-publish","format-standard","hentry","category-c-inicial","category-c-mitja","category-c-superior","category-general","category-portada","category-primaria"],"post_mailing_queue_ids":[],"_links":{"self":[{"href":"https:\/\/agora.xtec.cat\/esc-elpalau\/wp-json\/wp\/v2\/posts\/4028","targetHints":{"allow":["GET"]}}],"collection":[{"href":"https:\/\/agora.xtec.cat\/esc-elpalau\/wp-json\/wp\/v2\/posts"}],"about":[{"href":"https:\/\/agora.xtec.cat\/esc-elpalau\/wp-json\/wp\/v2\/types\/post"}],"author":[{"embeddable":true,"href":"https:\/\/agora.xtec.cat\/esc-elpalau\/wp-json\/wp\/v2\/users\/39"}],"replies":[{"embeddable":true,"href":"https:\/\/agora.xtec.cat\/esc-elpalau\/wp-json\/wp\/v2\/comments?post=4028"}],"version-history":[{"count":3,"href":"https:\/\/agora.xtec.cat\/esc-elpalau\/wp-json\/wp\/v2\/posts\/4028\/revisions"}],"predecessor-version":[{"id":4033,"href":"https:\/\/agora.xtec.cat\/esc-elpalau\/wp-json\/wp\/v2\/posts\/4028\/revisions\/4033"}],"wp:attachment":[{"href":"https:\/\/agora.xtec.cat\/esc-elpalau\/wp-json\/wp\/v2\/media?parent=4028"}],"wp:term":[{"taxonomy":"category","embeddable":true,"href":"https:\/\/agora.xtec.cat\/esc-elpalau\/wp-json\/wp\/v2\/categories?post=4028"},{"taxonomy":"post_tag","embeddable":true,"href":"https:\/\/agora.xtec.cat\/esc-elpalau\/wp-json\/wp\/v2\/tags?post=4028"}],"curies":[{"name":"wp","href":"https:\/\/api.w.org\/{rel}","templated":true}]}}