{"id":4009,"date":"2024-11-11T13:30:28","date_gmt":"2024-11-11T12:30:28","guid":{"rendered":"https:\/\/agora.xtec.cat\/esc-elpalau\/?p=4009"},"modified":"2025-02-19T15:41:53","modified_gmt":"2025-02-19T14:41:53","slug":"el-gran-recapte-2024","status":"publish","type":"post","link":"https:\/\/agora.xtec.cat\/esc-elpalau\/portada\/el-gran-recapte-2024\/","title":{"rendered":"El Gran Recapte 2024"},"content":{"rendered":"<p>&nbsp;<\/p>\n<p>Aquest trimestre els i les alumnes de 4t hem estat treballant el projecte del Gran Recapte 2024. Hem estat descobrint quina iniciativa duu a terme el Banc d&#8217;Aliments i per quin motiu s&#8217;organitza. Des de l&#8217;escola hem volgut passar a l&#8217;acci\u00f3 i tamb\u00e9 hem volgut col\u00b7laborar amb aquesta entitat volunt\u00e0ria. Aix\u00ed doncs, despr\u00e9s d&#8217;haver-ne fet difusi\u00f3, hem recollit els aliments, els hem recomptat i el resultat de la feina treballada el trobareu al seg\u00fcent v\u00eddeo.<\/p>\n<p>Ha estat un projecte molt interessant! Hem apr\u00e8s moltes coses!<\/p>\n<p>&nbsp;<\/p>\n<p><iframe loading=\"lazy\" title=\"V\u00eddeo el Gran Recapte 2024\" width=\"500\" height=\"281\" src=\"https:\/\/www.youtube.com\/embed\/NeUBeqTlWes?feature=oembed\" frameborder=\"0\" allow=\"accelerometer; autoplay; clipboard-write; encrypted-media; gyroscope; picture-in-picture; web-share\" referrerpolicy=\"strict-origin-when-cross-origin\" allowfullscreen><\/iframe><\/p>\n","protected":false},"excerpt":{"rendered":"<p>&nbsp;<br \/>\nAquest trimestre els i les alumnes de 4t hem estat treballant el projecte del Gran Recapte 2024. Hem estat descobrint quina iniciativa duu a terme el Banc d&#8217;Aliments i per quin motiu s&#8217;organitza. Des de l&#8217;escola hem volgut passar a l&#8217;acci\u00f3 i tamb\u00e9 hem volgut&hellip;  <a href=\"https:\/\/agora.xtec.cat\/esc-elpalau\/portada\/el-gran-recapte-2024\/\" title=\"Read El Gran Recapte 2024\">Llegeix m\u00e9s\u00bb<\/a><\/p>\n","protected":false},"author":46,"featured_media":0,"comment_status":"open","ping_status":"closed","sticky":false,"template":"","format":"standard","meta":{"_bbp_topic_count":0,"_bbp_reply_count":0,"_bbp_total_topic_count":0,"_bbp_total_reply_count":0,"_bbp_voice_count":0,"_bbp_anonymous_reply_count":0,"_bbp_topic_count_hidden":0,"_bbp_reply_count_hidden":0,"_bbp_forum_subforum_count":0,"footnotes":""},"categories":[11,4,5],"tags":[],"class_list":["post-4009","post","type-post","status-publish","format-standard","hentry","category-c-mitja","category-portada","category-primaria"],"post_mailing_queue_ids":[],"_links":{"self":[{"href":"https:\/\/agora.xtec.cat\/esc-elpalau\/wp-json\/wp\/v2\/posts\/4009","targetHints":{"allow":["GET"]}}],"collection":[{"href":"https:\/\/agora.xtec.cat\/esc-elpalau\/wp-json\/wp\/v2\/posts"}],"about":[{"href":"https:\/\/agora.xtec.cat\/esc-elpalau\/wp-json\/wp\/v2\/types\/post"}],"author":[{"embeddable":true,"href":"https:\/\/agora.xtec.cat\/esc-elpalau\/wp-json\/wp\/v2\/users\/46"}],"replies":[{"embeddable":true,"href":"https:\/\/agora.xtec.cat\/esc-elpalau\/wp-json\/wp\/v2\/comments?post=4009"}],"version-history":[{"count":2,"href":"https:\/\/agora.xtec.cat\/esc-elpalau\/wp-json\/wp\/v2\/posts\/4009\/revisions"}],"predecessor-version":[{"id":4011,"href":"https:\/\/agora.xtec.cat\/esc-elpalau\/wp-json\/wp\/v2\/posts\/4009\/revisions\/4011"}],"wp:attachment":[{"href":"https:\/\/agora.xtec.cat\/esc-elpalau\/wp-json\/wp\/v2\/media?parent=4009"}],"wp:term":[{"taxonomy":"category","embeddable":true,"href":"https:\/\/agora.xtec.cat\/esc-elpalau\/wp-json\/wp\/v2\/categories?post=4009"},{"taxonomy":"post_tag","embeddable":true,"href":"https:\/\/agora.xtec.cat\/esc-elpalau\/wp-json\/wp\/v2\/tags?post=4009"}],"curies":[{"name":"wp","href":"https:\/\/api.w.org\/{rel}","templated":true}]}}