{"id":3987,"date":"2024-09-27T16:12:23","date_gmt":"2024-09-27T14:12:23","guid":{"rendered":"https:\/\/agora.xtec.cat\/esc-elpalau\/?p=3987"},"modified":"2024-09-27T16:12:23","modified_gmt":"2024-09-27T14:12:23","slug":"arriba-la-festa-major","status":"publish","type":"post","link":"https:\/\/agora.xtec.cat\/esc-elpalau\/general\/arriba-la-festa-major\/","title":{"rendered":"Arriba la Festa Major!!"},"content":{"rendered":"<p>Per motiu de la Festa Major, els alumnes d&#8217;Infantil han anat a visitar les b\u00e8sties de la nostra vila que, a m\u00e9s a m\u00e9s, donen nom a les nostres classes.<br \/>\nHan gaudit molt de la sortida perqu\u00e8 han pogut veure l&#8217;Entxuscat, el Camell i el Cuc ben tranquil\u00b7lets i sense petards al voltant.<br \/>\nJa estem preparats i preparades per la Festa Major!!<\/p>\n<p><iframe loading=\"lazy\" width=\"560\" height=\"315\" src=\"https:\/\/www.youtube.com\/embed\/9dPVS6Nceds?si=454RHmw5xWPrIkqG\" title=\"YouTube video player\" frameborder=\"0\" allow=\"accelerometer; autoplay; clipboard-write; encrypted-media; gyroscope; picture-in-picture; web-share\" referrerpolicy=\"strict-origin-when-cross-origin\" allowfullscreen><\/iframe><\/p>\n","protected":false},"excerpt":{"rendered":"<p>Per motiu de la Festa Major, els alumnes d&#8217;Infantil han anat a visitar les b\u00e8sties de la nostra vila que, a m\u00e9s a m\u00e9s, donen nom a les nostres classes.<br \/>\nHan gaudit molt de la sortida perqu\u00e8 han pogut veure l&#8217;Entxuscat, el Camell i el Cuc&hellip;  <a href=\"https:\/\/agora.xtec.cat\/esc-elpalau\/general\/arriba-la-festa-major\/\" title=\"Read Arriba la Festa Major!!\">Llegeix m\u00e9s\u00bb<\/a><\/p>\n","protected":false},"author":18,"featured_media":3993,"comment_status":"open","ping_status":"closed","sticky":false,"template":"","format":"standard","meta":{"_bbp_topic_count":0,"_bbp_reply_count":0,"_bbp_total_topic_count":0,"_bbp_total_reply_count":0,"_bbp_voice_count":0,"_bbp_anonymous_reply_count":0,"_bbp_topic_count_hidden":0,"_bbp_reply_count_hidden":0,"_bbp_forum_subforum_count":0,"footnotes":""},"categories":[1,2],"tags":[],"class_list":["post-3987","post","type-post","status-publish","format-standard","has-post-thumbnail","hentry","category-general","category-infantil"],"post_mailing_queue_ids":[],"_links":{"self":[{"href":"https:\/\/agora.xtec.cat\/esc-elpalau\/wp-json\/wp\/v2\/posts\/3987","targetHints":{"allow":["GET"]}}],"collection":[{"href":"https:\/\/agora.xtec.cat\/esc-elpalau\/wp-json\/wp\/v2\/posts"}],"about":[{"href":"https:\/\/agora.xtec.cat\/esc-elpalau\/wp-json\/wp\/v2\/types\/post"}],"author":[{"embeddable":true,"href":"https:\/\/agora.xtec.cat\/esc-elpalau\/wp-json\/wp\/v2\/users\/18"}],"replies":[{"embeddable":true,"href":"https:\/\/agora.xtec.cat\/esc-elpalau\/wp-json\/wp\/v2\/comments?post=3987"}],"version-history":[{"count":5,"href":"https:\/\/agora.xtec.cat\/esc-elpalau\/wp-json\/wp\/v2\/posts\/3987\/revisions"}],"predecessor-version":[{"id":3992,"href":"https:\/\/agora.xtec.cat\/esc-elpalau\/wp-json\/wp\/v2\/posts\/3987\/revisions\/3992"}],"wp:featuredmedia":[{"embeddable":true,"href":"https:\/\/agora.xtec.cat\/esc-elpalau\/wp-json\/wp\/v2\/media\/3993"}],"wp:attachment":[{"href":"https:\/\/agora.xtec.cat\/esc-elpalau\/wp-json\/wp\/v2\/media?parent=3987"}],"wp:term":[{"taxonomy":"category","embeddable":true,"href":"https:\/\/agora.xtec.cat\/esc-elpalau\/wp-json\/wp\/v2\/categories?post=3987"},{"taxonomy":"post_tag","embeddable":true,"href":"https:\/\/agora.xtec.cat\/esc-elpalau\/wp-json\/wp\/v2\/tags?post=3987"}],"curies":[{"name":"wp","href":"https:\/\/api.w.org\/{rel}","templated":true}]}}