{"id":3951,"date":"2024-06-04T16:55:29","date_gmt":"2024-06-04T14:55:29","guid":{"rendered":"https:\/\/agora.xtec.cat\/esc-elpalau\/?p=3951"},"modified":"2024-06-04T16:55:29","modified_gmt":"2024-06-04T14:55:29","slug":"sant-jordi-2024","status":"publish","type":"post","link":"https:\/\/agora.xtec.cat\/esc-elpalau\/general\/sant-jordi-2024\/","title":{"rendered":"SANT JORDI 2024"},"content":{"rendered":"<p>Durant la setmana de Sant Jordi, els alumnes han pogut visitar l&#8217;exposici\u00f3 de Sant Jordi que tenim a la biblioteca. Des dels m\u00e9s petits als m\u00e9s grans han pogut gaudir d&#8217;aquesta llegenda tan nostra.<\/p>\n<p><img loading=\"lazy\" decoding=\"async\" class=\"\" src=\"https:\/\/agora.xtec.cat\/esc-elpalau\/wp-content\/uploads\/usu1480\/2024\/06\/St-Jordi-scaled.jpg\" width=\"1262\" height=\"1683\" \/><\/p>\n","protected":false},"excerpt":{"rendered":"<p>Durant la setmana de Sant Jordi, els alumnes han pogut visitar l&#8217;exposici\u00f3 de Sant Jordi que tenim a la biblioteca. Des dels m\u00e9s petits als m\u00e9s grans han pogut gaudir d&#8217;aquesta llegenda tan nostra.<\/p>\n","protected":false},"author":1,"featured_media":0,"comment_status":"open","ping_status":"closed","sticky":false,"template":"","format":"standard","meta":{"_bbp_topic_count":0,"_bbp_reply_count":0,"_bbp_total_topic_count":0,"_bbp_total_reply_count":0,"_bbp_voice_count":0,"_bbp_anonymous_reply_count":0,"_bbp_topic_count_hidden":0,"_bbp_reply_count_hidden":0,"_bbp_forum_subforum_count":0,"footnotes":""},"categories":[128,1],"tags":[],"class_list":["post-3951","post","type-post","status-publish","format-standard","hentry","category-biblioteca","category-general"],"post_mailing_queue_ids":[],"_links":{"self":[{"href":"https:\/\/agora.xtec.cat\/esc-elpalau\/wp-json\/wp\/v2\/posts\/3951","targetHints":{"allow":["GET"]}}],"collection":[{"href":"https:\/\/agora.xtec.cat\/esc-elpalau\/wp-json\/wp\/v2\/posts"}],"about":[{"href":"https:\/\/agora.xtec.cat\/esc-elpalau\/wp-json\/wp\/v2\/types\/post"}],"author":[{"embeddable":true,"href":"https:\/\/agora.xtec.cat\/esc-elpalau\/wp-json\/wp\/v2\/users\/1"}],"replies":[{"embeddable":true,"href":"https:\/\/agora.xtec.cat\/esc-elpalau\/wp-json\/wp\/v2\/comments?post=3951"}],"version-history":[{"count":3,"href":"https:\/\/agora.xtec.cat\/esc-elpalau\/wp-json\/wp\/v2\/posts\/3951\/revisions"}],"predecessor-version":[{"id":3954,"href":"https:\/\/agora.xtec.cat\/esc-elpalau\/wp-json\/wp\/v2\/posts\/3951\/revisions\/3954"}],"wp:attachment":[{"href":"https:\/\/agora.xtec.cat\/esc-elpalau\/wp-json\/wp\/v2\/media?parent=3951"}],"wp:term":[{"taxonomy":"category","embeddable":true,"href":"https:\/\/agora.xtec.cat\/esc-elpalau\/wp-json\/wp\/v2\/categories?post=3951"},{"taxonomy":"post_tag","embeddable":true,"href":"https:\/\/agora.xtec.cat\/esc-elpalau\/wp-json\/wp\/v2\/tags?post=3951"}],"curies":[{"name":"wp","href":"https:\/\/api.w.org\/{rel}","templated":true}]}}