{"id":3931,"date":"2024-04-20T21:54:19","date_gmt":"2024-04-20T19:54:19","guid":{"rendered":"https:\/\/agora.xtec.cat\/esc-elpalau\/?p=3931"},"modified":"2024-04-20T21:54:19","modified_gmt":"2024-04-20T19:54:19","slug":"representem-la-llegenda-de-sant-jordi","status":"publish","type":"post","link":"https:\/\/agora.xtec.cat\/esc-elpalau\/infantil\/representem-la-llegenda-de-sant-jordi\/","title":{"rendered":"REPRESENTEM LA LLEGENDA DE SANT JORDI"},"content":{"rendered":"<p>La classe del Cuc s&#8217;est\u00e0 preparant per a la diada de Sant Jordi, i per aix\u00f2 ha volgut representar la llegenda dues vegades.<br \/>\nHan triat els personatges i de manera improvisada, i amb poc attrezzo, ha aconseguit crear una representaci\u00f3 teatral fant\u00e0stica. Han gaudit molt i han treballat la parla, l&#8217;expressi\u00f3 corporal i la dramatitzaci\u00f3 d&#8217;una manera molt divertida.<\/p>\n<p><iframe loading=\"lazy\" title=\"20 de abril de 2024\" width=\"500\" height=\"281\" src=\"https:\/\/www.youtube.com\/embed\/srBX3rMSvmk?feature=oembed\" frameborder=\"0\" allow=\"accelerometer; autoplay; clipboard-write; encrypted-media; gyroscope; picture-in-picture; web-share\" referrerpolicy=\"strict-origin-when-cross-origin\" allowfullscreen><\/iframe><\/p>\n","protected":false},"excerpt":{"rendered":"<p>La classe del Cuc s&#8217;est\u00e0 preparant per a la diada de Sant Jordi, i per aix\u00f2 ha volgut representar la llegenda dues vegades.<br \/>\nHan triat els personatges i de manera improvisada, i amb poc attrezzo, ha aconseguit crear una representaci\u00f3 teatral fant\u00e0stica. Han gaudit molt i&hellip;  <a href=\"https:\/\/agora.xtec.cat\/esc-elpalau\/infantil\/representem-la-llegenda-de-sant-jordi\/\" title=\"Read REPRESENTEM LA LLEGENDA DE SANT JORDI\">Llegeix m\u00e9s\u00bb<\/a><\/p>\n","protected":false},"author":18,"featured_media":3933,"comment_status":"open","ping_status":"closed","sticky":false,"template":"","format":"standard","meta":{"_bbp_topic_count":0,"_bbp_reply_count":0,"_bbp_total_topic_count":0,"_bbp_total_reply_count":0,"_bbp_voice_count":0,"_bbp_anonymous_reply_count":0,"_bbp_topic_count_hidden":0,"_bbp_reply_count_hidden":0,"_bbp_forum_subforum_count":0,"footnotes":""},"categories":[2],"tags":[],"class_list":["post-3931","post","type-post","status-publish","format-standard","has-post-thumbnail","hentry","category-infantil"],"post_mailing_queue_ids":[],"_links":{"self":[{"href":"https:\/\/agora.xtec.cat\/esc-elpalau\/wp-json\/wp\/v2\/posts\/3931","targetHints":{"allow":["GET"]}}],"collection":[{"href":"https:\/\/agora.xtec.cat\/esc-elpalau\/wp-json\/wp\/v2\/posts"}],"about":[{"href":"https:\/\/agora.xtec.cat\/esc-elpalau\/wp-json\/wp\/v2\/types\/post"}],"author":[{"embeddable":true,"href":"https:\/\/agora.xtec.cat\/esc-elpalau\/wp-json\/wp\/v2\/users\/18"}],"replies":[{"embeddable":true,"href":"https:\/\/agora.xtec.cat\/esc-elpalau\/wp-json\/wp\/v2\/comments?post=3931"}],"version-history":[{"count":1,"href":"https:\/\/agora.xtec.cat\/esc-elpalau\/wp-json\/wp\/v2\/posts\/3931\/revisions"}],"predecessor-version":[{"id":3932,"href":"https:\/\/agora.xtec.cat\/esc-elpalau\/wp-json\/wp\/v2\/posts\/3931\/revisions\/3932"}],"wp:featuredmedia":[{"embeddable":true,"href":"https:\/\/agora.xtec.cat\/esc-elpalau\/wp-json\/wp\/v2\/media\/3933"}],"wp:attachment":[{"href":"https:\/\/agora.xtec.cat\/esc-elpalau\/wp-json\/wp\/v2\/media?parent=3931"}],"wp:term":[{"taxonomy":"category","embeddable":true,"href":"https:\/\/agora.xtec.cat\/esc-elpalau\/wp-json\/wp\/v2\/categories?post=3931"},{"taxonomy":"post_tag","embeddable":true,"href":"https:\/\/agora.xtec.cat\/esc-elpalau\/wp-json\/wp\/v2\/tags?post=3931"}],"curies":[{"name":"wp","href":"https:\/\/api.w.org\/{rel}","templated":true}]}}