{"id":3922,"date":"2024-04-16T15:34:39","date_gmt":"2024-04-16T13:34:39","guid":{"rendered":"https:\/\/agora.xtec.cat\/esc-elpalau\/?p=3922"},"modified":"2024-04-16T15:34:39","modified_gmt":"2024-04-16T13:34:39","slug":"la-clika-2n-de-primaria","status":"publish","type":"post","link":"https:\/\/agora.xtec.cat\/esc-elpalau\/general\/la-clika-2n-de-primaria\/","title":{"rendered":"La Clika 2n de prim\u00e0ria"},"content":{"rendered":"<p>El passat 10 d&#8217;abril l&#8217;alumnat de segon va actuar a l&#8217;Auditori Eduard Toldr\u00e0 de Vilanova i la Geltr\u00fa dins del projecte musical \u201cLa Clika\u201d, una cantata original amb can\u00e7ons que fomenten l&#8217;autoestima, l&#8217;amistat, la diversitat, l&#8217;ecologisme i la igualtat de g\u00e8nere. Els nens i les nenes s&#8217;ho van passar molt b\u00e9, el gran esfor\u00e7 per aprendre&#8217;s les can\u00e7ons ha valgut m\u00e9s que la pena! Moltes gr\u00e0cies a les fam\u00edlies per acompanyar-nos!<\/p>\n<p>En aquest enlla\u00e7, hi trobareu un v\u00eddeo resum de com va anar \u201cLa Clika\u201d:<\/p>\n<p><a href=\"https:\/\/drive.google.com\/file\/d\/1YwamTKPLY0lhmX7tggGVHXtNbFcb_-9w\/view?usp=drivesdk\">https:\/\/drive.google.com\/file\/d\/1YwamTKPLY0lhmX7tggGVHXtNbFcb_-9w\/view?usp=drivesdk<\/a><\/p>\n<p><a href=\"https:\/\/agora.xtec.cat\/esc-elpalau\/wp-content\/uploads\/usu1480\/2024\/04\/clica-1.jpg\"><img loading=\"lazy\" decoding=\"async\" class=\"aligncenter size-full wp-image-3925\" src=\"https:\/\/agora.xtec.cat\/esc-elpalau\/wp-content\/uploads\/usu1480\/2024\/04\/clica-1.jpg\" alt=\"\" width=\"1600\" height=\"900\" srcset=\"https:\/\/agora.xtec.cat\/esc-elpalau\/wp-content\/uploads\/usu1480\/2024\/04\/clica-1.jpg 1600w, https:\/\/agora.xtec.cat\/esc-elpalau\/wp-content\/uploads\/usu1480\/2024\/04\/clica-1-300x169.jpg 300w, https:\/\/agora.xtec.cat\/esc-elpalau\/wp-content\/uploads\/usu1480\/2024\/04\/clica-1-1024x576.jpg 1024w, https:\/\/agora.xtec.cat\/esc-elpalau\/wp-content\/uploads\/usu1480\/2024\/04\/clica-1-768x432.jpg 768w, https:\/\/agora.xtec.cat\/esc-elpalau\/wp-content\/uploads\/usu1480\/2024\/04\/clica-1-1536x864.jpg 1536w\" sizes=\"auto, (max-width: 1600px) 100vw, 1600px\" \/><\/a><\/p>\n","protected":false},"excerpt":{"rendered":"<p>El passat 10 d&#8217;abril l&#8217;alumnat de segon va actuar a l&#8217;Auditori Eduard Toldr\u00e0 de Vilanova i la Geltr\u00fa dins del projecte musical \u201cLa Clika\u201d, una cantata original amb can\u00e7ons que fomenten l&#8217;autoestima, l&#8217;amistat, la diversitat, l&#8217;ecologisme i la igualtat de g\u00e8nere. Els nens i les&hellip;  <a href=\"https:\/\/agora.xtec.cat\/esc-elpalau\/general\/la-clika-2n-de-primaria\/\" title=\"Read La Clika 2n de prim\u00e0ria\">Llegeix m\u00e9s\u00bb<\/a><\/p>\n","protected":false},"author":1,"featured_media":0,"comment_status":"open","ping_status":"closed","sticky":false,"template":"","format":"standard","meta":{"_bbp_topic_count":0,"_bbp_reply_count":0,"_bbp_total_topic_count":0,"_bbp_total_reply_count":0,"_bbp_voice_count":0,"_bbp_anonymous_reply_count":0,"_bbp_topic_count_hidden":0,"_bbp_reply_count_hidden":0,"_bbp_forum_subforum_count":0,"footnotes":""},"categories":[10,1,4,5],"tags":[],"class_list":["post-3922","post","type-post","status-publish","format-standard","hentry","category-c-inicial","category-general","category-portada","category-primaria"],"post_mailing_queue_ids":[],"_links":{"self":[{"href":"https:\/\/agora.xtec.cat\/esc-elpalau\/wp-json\/wp\/v2\/posts\/3922","targetHints":{"allow":["GET"]}}],"collection":[{"href":"https:\/\/agora.xtec.cat\/esc-elpalau\/wp-json\/wp\/v2\/posts"}],"about":[{"href":"https:\/\/agora.xtec.cat\/esc-elpalau\/wp-json\/wp\/v2\/types\/post"}],"author":[{"embeddable":true,"href":"https:\/\/agora.xtec.cat\/esc-elpalau\/wp-json\/wp\/v2\/users\/1"}],"replies":[{"embeddable":true,"href":"https:\/\/agora.xtec.cat\/esc-elpalau\/wp-json\/wp\/v2\/comments?post=3922"}],"version-history":[{"count":4,"href":"https:\/\/agora.xtec.cat\/esc-elpalau\/wp-json\/wp\/v2\/posts\/3922\/revisions"}],"predecessor-version":[{"id":3927,"href":"https:\/\/agora.xtec.cat\/esc-elpalau\/wp-json\/wp\/v2\/posts\/3922\/revisions\/3927"}],"wp:attachment":[{"href":"https:\/\/agora.xtec.cat\/esc-elpalau\/wp-json\/wp\/v2\/media?parent=3922"}],"wp:term":[{"taxonomy":"category","embeddable":true,"href":"https:\/\/agora.xtec.cat\/esc-elpalau\/wp-json\/wp\/v2\/categories?post=3922"},{"taxonomy":"post_tag","embeddable":true,"href":"https:\/\/agora.xtec.cat\/esc-elpalau\/wp-json\/wp\/v2\/tags?post=3922"}],"curies":[{"name":"wp","href":"https:\/\/api.w.org\/{rel}","templated":true}]}}