{"id":3866,"date":"2023-12-30T18:41:31","date_gmt":"2023-12-30T17:41:31","guid":{"rendered":"https:\/\/agora.xtec.cat\/esc-elpalau\/?p=3866"},"modified":"2024-02-13T18:54:48","modified_gmt":"2024-02-13T17:54:48","slug":"dia-de-la-pau-30-de-gener-de-2024","status":"publish","type":"post","link":"https:\/\/agora.xtec.cat\/esc-elpalau\/general\/dia-de-la-pau-30-de-gener-de-2024\/","title":{"rendered":"DIA DE LA PAU 30 de gener de 2024"},"content":{"rendered":"<p>A la nostra escola hem celebrat el Dia de la Pau posant la mirada en aspectes tan importants com la conviv\u00e8ncia, la resoluci\u00f3 de conflictes, l&#8217;inter\u00e8s per con\u00e8ixer els companys i descobrir totes aquelles coses que ens uneixen i la toler\u00e0ncia.<\/p>\n<p>Cada grup ha dut a terme activitats d&#8217;aula al voltant del foment de la Pau i la no-viol\u00e8ncia, com el mur de la pau on les fam\u00edlies han col\u00b7laborat construint un mural amb paraules relacionades amb el tema. Els m\u00e9s grans han fet un passeig per Molins de Rei i han descobert diferents racons que porten el nom de persones que han patit situacions de discriminaci\u00f3. Aquest recorregut els ha perm\u00e8s reflexionar amb l&#8217;ajut dels mestres i dels comentaris d&#8217;alguns ciutadans que s&#8217;interessaven per l&#8217;activitat que estaven fent.<\/p>\n<p>Tamb\u00e9 hi ha hagut un espai per una activitat col\u00b7lectiva. Partint de la iniciativa de les t\u00e8cniques d&#8217;integraci\u00f3 que tenim en pr\u00e0ctiques, s&#8217;ha fet l&#8217;activitat &#8220;Compartim jocs del m\u00f3n&#8221;. Tot l&#8217;alumnat de l&#8217;escola ha gaudit d&#8217;una sessi\u00f3 de jocs al pati amb els quals s&#8217;ha fomentat la conviv\u00e8ncia, el coneixement dels altres i la col\u00b7laboraci\u00f3 entre nens i nenes de diferents edats.<\/p>\n<p>En definitiva, una jornada per insistir una vegada m\u00e9s en el valor del di\u00e0leg, la toler\u00e0ncia i el respecte.<\/p>\n","protected":false},"excerpt":{"rendered":"<p>A la nostra escola hem celebrat el Dia de la Pau posant la mirada en aspectes tan importants com la conviv\u00e8ncia, la resoluci\u00f3 de conflictes, l&#8217;inter\u00e8s per con\u00e8ixer els companys i descobrir totes aquelles coses que ens uneixen i la toler\u00e0ncia.<br \/>\nCada grup ha dut a&hellip;  <a href=\"https:\/\/agora.xtec.cat\/esc-elpalau\/general\/dia-de-la-pau-30-de-gener-de-2024\/\" title=\"Read DIA DE LA PAU 30 de gener de 2024\">Llegeix m\u00e9s\u00bb<\/a><\/p>\n","protected":false},"author":1,"featured_media":0,"comment_status":"open","ping_status":"closed","sticky":false,"template":"","format":"standard","meta":{"_bbp_topic_count":0,"_bbp_reply_count":0,"_bbp_total_topic_count":0,"_bbp_total_reply_count":0,"_bbp_voice_count":0,"_bbp_anonymous_reply_count":0,"_bbp_topic_count_hidden":0,"_bbp_reply_count_hidden":0,"_bbp_forum_subforum_count":0,"footnotes":""},"categories":[1,4],"tags":[],"class_list":["post-3866","post","type-post","status-publish","format-standard","hentry","category-general","category-portada"],"post_mailing_queue_ids":[],"_links":{"self":[{"href":"https:\/\/agora.xtec.cat\/esc-elpalau\/wp-json\/wp\/v2\/posts\/3866","targetHints":{"allow":["GET"]}}],"collection":[{"href":"https:\/\/agora.xtec.cat\/esc-elpalau\/wp-json\/wp\/v2\/posts"}],"about":[{"href":"https:\/\/agora.xtec.cat\/esc-elpalau\/wp-json\/wp\/v2\/types\/post"}],"author":[{"embeddable":true,"href":"https:\/\/agora.xtec.cat\/esc-elpalau\/wp-json\/wp\/v2\/users\/1"}],"replies":[{"embeddable":true,"href":"https:\/\/agora.xtec.cat\/esc-elpalau\/wp-json\/wp\/v2\/comments?post=3866"}],"version-history":[{"count":2,"href":"https:\/\/agora.xtec.cat\/esc-elpalau\/wp-json\/wp\/v2\/posts\/3866\/revisions"}],"predecessor-version":[{"id":3885,"href":"https:\/\/agora.xtec.cat\/esc-elpalau\/wp-json\/wp\/v2\/posts\/3866\/revisions\/3885"}],"wp:attachment":[{"href":"https:\/\/agora.xtec.cat\/esc-elpalau\/wp-json\/wp\/v2\/media?parent=3866"}],"wp:term":[{"taxonomy":"category","embeddable":true,"href":"https:\/\/agora.xtec.cat\/esc-elpalau\/wp-json\/wp\/v2\/categories?post=3866"},{"taxonomy":"post_tag","embeddable":true,"href":"https:\/\/agora.xtec.cat\/esc-elpalau\/wp-json\/wp\/v2\/tags?post=3866"}],"curies":[{"name":"wp","href":"https:\/\/api.w.org\/{rel}","templated":true}]}}