{"id":3821,"date":"2023-12-19T15:36:22","date_gmt":"2023-12-19T14:36:22","guid":{"rendered":"https:\/\/agora.xtec.cat\/esc-elpalau\/?p=3821"},"modified":"2024-01-16T09:26:56","modified_gmt":"2024-01-16T08:26:56","slug":"el-gran-recapte-2023","status":"publish","type":"post","link":"https:\/\/agora.xtec.cat\/esc-elpalau\/general\/el-gran-recapte-2023\/","title":{"rendered":"EL GRAN RECAPTE 2023"},"content":{"rendered":"<p style=\"text-align: left;\">Aquest trimestre, la classe de 4t ha treballat envers el projecte EL GRAN RECAPTE.<\/p>\n<p style=\"text-align: left;\">Per comen\u00e7ar, van visitar al banc d\u2019aliments de la Creu Roja de Molins de Rei on van con\u00e8ixer de m\u00e9s a prop l\u2019organitzaci\u00f3 i les seves instal\u00b7lacions; veure i saber com funciona el Banc d\u2019Aliments. Va ser tota una experi\u00e8ncia que no va deixar a ning\u00fa indiferent.<\/p>\n<p style=\"text-align: left;\">Despr\u00e9s de la visita, van comen\u00e7ar a elaborar el full de ruta perqu\u00e8 el Gran Recapte de l&#8217;escola fos un \u00e8xit. Primer de tot, van decidir escriure una can\u00e7\u00f3 i compondre la melodia per promocionar la campanya del Gran Recapte.\u00a0 (Al final de l&#8217;article tindreu l\u2019enlla\u00e7 per si la voleu escoltar.)<\/p>\n<p style=\"text-align: left;\">Una vegada finalitzat aquest primer repte, es va iniciar el proc\u00e9s de difusi\u00f3. Despr\u00e9s de familiaritzar-se amb qu\u00e8 \u00e9s un cartell i quina ha de ser la seva estructura, van dissenyar cinc cartells diferents per grup cooperatiu per fer coneixedors del projecte a tota la comunitat educativa.<\/p>\n<p style=\"text-align: left;\">De mica en mica, el projecte anava agafant forma, aix\u00ed que era el moment d\u2019aprofundir en el malbaratament alimentari i la pir\u00e0mide dels aliments. A partir d\u2019un proc\u00e9s d\u2019investigaci\u00f3 i, culminant amb la sortida \u201cCreix amb el peix\u201d al Mercabarna, van prendre consci\u00e8ncia de quins eren els aliments de primera necessitat i quan d\u2019important \u00e9s planificar una bona compra per tal de no llen\u00e7ar menjar, i fer un estalvi econ\u00f2mic.<\/p>\n<p style=\"text-align: left;\">Durant la setmana del Gran Recapte, cada mat\u00ed van cantar amb molta il\u00b7lusi\u00f3 la can\u00e7\u00f3 de \u201cSom Solidaris\u201d amb l\u2019objectiu de fer con\u00e8ixer el projecte i animar a les fam\u00edlies d&#8217;El Palau a participar-hi.<\/p>\n<p style=\"text-align: left;\">Cal dir que ha estat tot un \u00e8xit. Gr\u00e0cies a la col\u00b7laboraci\u00f3 de les fam\u00edlies s&#8217;han recaptat 16 caixes plenes d\u2019aliments com pasta, arr\u00f2s, llegums, cereals, verdures en conserva, llet, oli, galetes, productes de neteja, tom\u00e0quet en llauna&#8230; i un gran, etc\u00e8tera.<\/p>\n<p style=\"text-align: left;\">La classe dels Matossers estem infinitament agra\u00efts amb totes les fam\u00edlies i tamb\u00e9 amb tots els voluntaris de la Creu Roja que dia a dia fan que les persones que estan en situaci\u00f3 de vulnerabilitat tinguin les ajudes que necessiten.<\/p>\n<p>Aqu\u00ed teniu la can\u00e7\u00f3 que vam fer \ud83d\ude42<\/p>\n<!--[if lt IE 9]><script>document.createElement('audio');<\/script><![endif]-->\n<audio class=\"wp-audio-shortcode\" id=\"audio-3821-1\" preload=\"none\" style=\"width: 100%;\" controls=\"controls\"><source type=\"audio\/mpeg\" src=\"https:\/\/agora.xtec.cat\/esc-elpalau\/wp-content\/uploads\/usu1480\/2023\/12\/GRAN_RECAPTE_2023_4T_.mp3?_=1\" \/><a href=\"https:\/\/agora.xtec.cat\/esc-elpalau\/wp-content\/uploads\/usu1480\/2023\/12\/GRAN_RECAPTE_2023_4T_.mp3\">https:\/\/agora.xtec.cat\/esc-elpalau\/wp-content\/uploads\/usu1480\/2023\/12\/GRAN_RECAPTE_2023_4T_.mp3<\/a><\/audio>\n<p><a href=\"https:\/\/agora.xtec.cat\/esc-elpalau\/wp-content\/uploads\/usu1480\/2023\/12\/IMG_0682-scaled.jpg\"><img loading=\"lazy\" decoding=\"async\" class=\"aligncenter wp-image-3827\" src=\"https:\/\/agora.xtec.cat\/esc-elpalau\/wp-content\/uploads\/usu1480\/2023\/12\/IMG_0682-300x225.jpg\" alt=\"\" width=\"495\" height=\"371\" srcset=\"https:\/\/agora.xtec.cat\/esc-elpalau\/wp-content\/uploads\/usu1480\/2023\/12\/IMG_0682-300x225.jpg 300w, https:\/\/agora.xtec.cat\/esc-elpalau\/wp-content\/uploads\/usu1480\/2023\/12\/IMG_0682-1024x768.jpg 1024w, https:\/\/agora.xtec.cat\/esc-elpalau\/wp-content\/uploads\/usu1480\/2023\/12\/IMG_0682-768x576.jpg 768w, https:\/\/agora.xtec.cat\/esc-elpalau\/wp-content\/uploads\/usu1480\/2023\/12\/IMG_0682-1536x1152.jpg 1536w, https:\/\/agora.xtec.cat\/esc-elpalau\/wp-content\/uploads\/usu1480\/2023\/12\/IMG_0682-2048x1536.jpg 2048w, https:\/\/agora.xtec.cat\/esc-elpalau\/wp-content\/uploads\/usu1480\/2023\/12\/IMG_0682-200x150.jpg 200w\" sizes=\"auto, (max-width: 495px) 100vw, 495px\" \/><\/a><\/p>\n","protected":false},"excerpt":{"rendered":"<p>Aquest trimestre, la classe de 4t ha treballat envers el projecte EL GRAN RECAPTE.<br \/>\nPer comen\u00e7ar, van visitar al banc d\u2019aliments de la Creu Roja de Molins de Rei on van con\u00e8ixer de m\u00e9s a prop l\u2019organitzaci\u00f3 i les seves instal\u00b7lacions; veure i saber com funciona&hellip;  <a href=\"https:\/\/agora.xtec.cat\/esc-elpalau\/general\/el-gran-recapte-2023\/\" title=\"Read EL GRAN RECAPTE 2023\">Llegeix m\u00e9s\u00bb<\/a><\/p>\n","protected":false},"author":31,"featured_media":0,"comment_status":"open","ping_status":"closed","sticky":false,"template":"","format":"standard","meta":{"_bbp_topic_count":0,"_bbp_reply_count":0,"_bbp_total_topic_count":0,"_bbp_total_reply_count":0,"_bbp_voice_count":0,"_bbp_anonymous_reply_count":0,"_bbp_topic_count_hidden":0,"_bbp_reply_count_hidden":0,"_bbp_forum_subforum_count":0,"footnotes":""},"categories":[11,1,4],"tags":[],"class_list":["post-3821","post","type-post","status-publish","format-standard","hentry","category-c-mitja","category-general","category-portada"],"post_mailing_queue_ids":[],"_links":{"self":[{"href":"https:\/\/agora.xtec.cat\/esc-elpalau\/wp-json\/wp\/v2\/posts\/3821","targetHints":{"allow":["GET"]}}],"collection":[{"href":"https:\/\/agora.xtec.cat\/esc-elpalau\/wp-json\/wp\/v2\/posts"}],"about":[{"href":"https:\/\/agora.xtec.cat\/esc-elpalau\/wp-json\/wp\/v2\/types\/post"}],"author":[{"embeddable":true,"href":"https:\/\/agora.xtec.cat\/esc-elpalau\/wp-json\/wp\/v2\/users\/31"}],"replies":[{"embeddable":true,"href":"https:\/\/agora.xtec.cat\/esc-elpalau\/wp-json\/wp\/v2\/comments?post=3821"}],"version-history":[{"count":5,"href":"https:\/\/agora.xtec.cat\/esc-elpalau\/wp-json\/wp\/v2\/posts\/3821\/revisions"}],"predecessor-version":[{"id":3853,"href":"https:\/\/agora.xtec.cat\/esc-elpalau\/wp-json\/wp\/v2\/posts\/3821\/revisions\/3853"}],"wp:attachment":[{"href":"https:\/\/agora.xtec.cat\/esc-elpalau\/wp-json\/wp\/v2\/media?parent=3821"}],"wp:term":[{"taxonomy":"category","embeddable":true,"href":"https:\/\/agora.xtec.cat\/esc-elpalau\/wp-json\/wp\/v2\/categories?post=3821"},{"taxonomy":"post_tag","embeddable":true,"href":"https:\/\/agora.xtec.cat\/esc-elpalau\/wp-json\/wp\/v2\/tags?post=3821"}],"curies":[{"name":"wp","href":"https:\/\/api.w.org\/{rel}","templated":true}]}}