{"id":3783,"date":"2023-11-22T15:00:20","date_gmt":"2023-11-22T14:00:20","guid":{"rendered":"https:\/\/agora.xtec.cat\/esc-elpalau\/?p=3783"},"modified":"2023-11-24T16:17:01","modified_gmt":"2023-11-24T15:17:01","slug":"celebrem-el-dia-de-la-musica","status":"publish","type":"post","link":"https:\/\/agora.xtec.cat\/esc-elpalau\/general\/celebrem-el-dia-de-la-musica\/","title":{"rendered":"CELEBREM EL DIA DE LA M\u00daSICA"},"content":{"rendered":"<p style=\"text-align: center;\">Celebrem Santa Cec\u00edlia sentint la m\u00fasica. Hi ha molts tipus de can\u00e7ons; n&#8217;hi ha que parlen d&#8217;amor, n&#8217;hi ha que son per reivindicar all\u00f2 que creiem just, d&#8217;altres expliquen hist\u00f2ries, i tamb\u00e9 n&#8217;hi ha que volem fer arribar algun missatge important. I aix\u00f2 \u00e9s el que han fet els alumnes de 4t component una can\u00e7\u00f3 que transmet un missatge solidari. Avui ens l&#8217;han presentat i ens han animat a cantar la tornada.<\/p>\n<p><img loading=\"lazy\" decoding=\"async\" class=\"aligncenter\" src=\"https:\/\/agora.xtec.cat\/esc-elpalau\/wp-content\/uploads\/usu1480\/2023\/11\/marta-1024x382.png\" width=\"525\" height=\"196\" \/><\/p>\n<p style=\"text-align: center;\">Els companys i companyes de cicle superior ens ha animat a ballar seguint les seves coreografies alegres i divertides.<\/p>\n<p><a href=\"https:\/\/agora.xtec.cat\/esc-elpalau\/wp-content\/uploads\/usu1480\/2023\/11\/coreografia.jpg\"><img loading=\"lazy\" decoding=\"async\" class=\"aligncenter  wp-image-3792\" src=\"https:\/\/agora.xtec.cat\/esc-elpalau\/wp-content\/uploads\/usu1480\/2023\/11\/coreografia.jpg\" alt=\"\" width=\"525\" height=\"295\" srcset=\"https:\/\/agora.xtec.cat\/esc-elpalau\/wp-content\/uploads\/usu1480\/2023\/11\/coreografia.jpg 1599w, https:\/\/agora.xtec.cat\/esc-elpalau\/wp-content\/uploads\/usu1480\/2023\/11\/coreografia-300x169.jpg 300w, https:\/\/agora.xtec.cat\/esc-elpalau\/wp-content\/uploads\/usu1480\/2023\/11\/coreografia-1024x576.jpg 1024w, https:\/\/agora.xtec.cat\/esc-elpalau\/wp-content\/uploads\/usu1480\/2023\/11\/coreografia-768x432.jpg 768w, https:\/\/agora.xtec.cat\/esc-elpalau\/wp-content\/uploads\/usu1480\/2023\/11\/coreografia-1536x864.jpg 1536w\" sizes=\"auto, (max-width: 525px) 100vw, 525px\" \/><\/a><\/p>\n<p>&nbsp;<\/p>\n","protected":false},"excerpt":{"rendered":"<p>Celebrem Santa Cec\u00edlia sentint la m\u00fasica. Hi ha molts tipus de can\u00e7ons; n&#8217;hi ha que parlen d&#8217;amor, n&#8217;hi ha que son per reivindicar all\u00f2 que creiem just, d&#8217;altres expliquen hist\u00f2ries, i tamb\u00e9 n&#8217;hi ha que volem fer arribar algun missatge important. I aix\u00f2 \u00e9s el&hellip;  <a href=\"https:\/\/agora.xtec.cat\/esc-elpalau\/general\/celebrem-el-dia-de-la-musica\/\" title=\"Read CELEBREM EL DIA DE LA M\u00daSICA\">Llegeix m\u00e9s\u00bb<\/a><\/p>\n","protected":false},"author":1,"featured_media":0,"comment_status":"open","ping_status":"closed","sticky":false,"template":"","format":"standard","meta":{"_bbp_topic_count":0,"_bbp_reply_count":0,"_bbp_total_topic_count":0,"_bbp_total_reply_count":0,"_bbp_voice_count":0,"_bbp_anonymous_reply_count":0,"_bbp_topic_count_hidden":0,"_bbp_reply_count_hidden":0,"_bbp_forum_subforum_count":0,"footnotes":""},"categories":[1,4],"tags":[],"class_list":["post-3783","post","type-post","status-publish","format-standard","hentry","category-general","category-portada"],"post_mailing_queue_ids":[],"_links":{"self":[{"href":"https:\/\/agora.xtec.cat\/esc-elpalau\/wp-json\/wp\/v2\/posts\/3783","targetHints":{"allow":["GET"]}}],"collection":[{"href":"https:\/\/agora.xtec.cat\/esc-elpalau\/wp-json\/wp\/v2\/posts"}],"about":[{"href":"https:\/\/agora.xtec.cat\/esc-elpalau\/wp-json\/wp\/v2\/types\/post"}],"author":[{"embeddable":true,"href":"https:\/\/agora.xtec.cat\/esc-elpalau\/wp-json\/wp\/v2\/users\/1"}],"replies":[{"embeddable":true,"href":"https:\/\/agora.xtec.cat\/esc-elpalau\/wp-json\/wp\/v2\/comments?post=3783"}],"version-history":[{"count":1,"href":"https:\/\/agora.xtec.cat\/esc-elpalau\/wp-json\/wp\/v2\/posts\/3783\/revisions"}],"predecessor-version":[{"id":3793,"href":"https:\/\/agora.xtec.cat\/esc-elpalau\/wp-json\/wp\/v2\/posts\/3783\/revisions\/3793"}],"wp:attachment":[{"href":"https:\/\/agora.xtec.cat\/esc-elpalau\/wp-json\/wp\/v2\/media?parent=3783"}],"wp:term":[{"taxonomy":"category","embeddable":true,"href":"https:\/\/agora.xtec.cat\/esc-elpalau\/wp-json\/wp\/v2\/categories?post=3783"},{"taxonomy":"post_tag","embeddable":true,"href":"https:\/\/agora.xtec.cat\/esc-elpalau\/wp-json\/wp\/v2\/tags?post=3783"}],"curies":[{"name":"wp","href":"https:\/\/api.w.org\/{rel}","templated":true}]}}