{"id":3764,"date":"2023-11-13T23:14:46","date_gmt":"2023-11-13T22:14:46","guid":{"rendered":"https:\/\/agora.xtec.cat\/esc-elpalau\/?p=3764"},"modified":"2023-11-14T18:28:03","modified_gmt":"2023-11-14T17:28:03","slug":"castanyada-a-can-mas","status":"publish","type":"post","link":"https:\/\/agora.xtec.cat\/esc-elpalau\/infantil\/castanyada-a-can-mas\/","title":{"rendered":"CASTANYADA A CAN MAS"},"content":{"rendered":"<p>El passat 9 de novembre, els menuts i menudes de l&#8217;escola van visitar la Maria Castanyera. Ella els esperava al costat de la llar de foc i els va explicar una hist\u00f2ria fant\u00e0stica. Tamb\u00e9 van collir castanyes, van fer panellets i en acabat van poder gaudir de la companyia d&#8217;uns animals de granja molt simp\u00e0tics.<\/p>\n<p><iframe loading=\"lazy\" title=\"YouTube video player\" src=\"https:\/\/www.youtube.com\/embed\/WpvgWnw4_rg?si=Nn7IR30jJaswvGhD\" width=\"560\" height=\"315\" frameborder=\"0\" allowfullscreen=\"allowfullscreen\"><\/iframe><\/p>\n","protected":false},"excerpt":{"rendered":"<p>El passat 9 de novembre, els menuts i menudes de l&#8217;escola van visitar la Maria Castanyera. Ella els esperava al costat de la llar de foc i els va explicar una hist\u00f2ria fant\u00e0stica. Tamb\u00e9 van collir castanyes, van fer panellets i en acabat van poder&hellip;  <a href=\"https:\/\/agora.xtec.cat\/esc-elpalau\/infantil\/castanyada-a-can-mas\/\" title=\"Read CASTANYADA A CAN MAS\">Llegeix m\u00e9s\u00bb<\/a><\/p>\n","protected":false},"author":18,"featured_media":3766,"comment_status":"open","ping_status":"closed","sticky":false,"template":"","format":"standard","meta":{"_bbp_topic_count":0,"_bbp_reply_count":0,"_bbp_total_topic_count":0,"_bbp_total_reply_count":0,"_bbp_voice_count":0,"_bbp_anonymous_reply_count":0,"_bbp_topic_count_hidden":0,"_bbp_reply_count_hidden":0,"_bbp_forum_subforum_count":0,"footnotes":""},"categories":[2,4],"tags":[],"class_list":["post-3764","post","type-post","status-publish","format-standard","has-post-thumbnail","hentry","category-infantil","category-portada"],"post_mailing_queue_ids":[],"_links":{"self":[{"href":"https:\/\/agora.xtec.cat\/esc-elpalau\/wp-json\/wp\/v2\/posts\/3764","targetHints":{"allow":["GET"]}}],"collection":[{"href":"https:\/\/agora.xtec.cat\/esc-elpalau\/wp-json\/wp\/v2\/posts"}],"about":[{"href":"https:\/\/agora.xtec.cat\/esc-elpalau\/wp-json\/wp\/v2\/types\/post"}],"author":[{"embeddable":true,"href":"https:\/\/agora.xtec.cat\/esc-elpalau\/wp-json\/wp\/v2\/users\/18"}],"replies":[{"embeddable":true,"href":"https:\/\/agora.xtec.cat\/esc-elpalau\/wp-json\/wp\/v2\/comments?post=3764"}],"version-history":[{"count":2,"href":"https:\/\/agora.xtec.cat\/esc-elpalau\/wp-json\/wp\/v2\/posts\/3764\/revisions"}],"predecessor-version":[{"id":3768,"href":"https:\/\/agora.xtec.cat\/esc-elpalau\/wp-json\/wp\/v2\/posts\/3764\/revisions\/3768"}],"wp:featuredmedia":[{"embeddable":true,"href":"https:\/\/agora.xtec.cat\/esc-elpalau\/wp-json\/wp\/v2\/media\/3766"}],"wp:attachment":[{"href":"https:\/\/agora.xtec.cat\/esc-elpalau\/wp-json\/wp\/v2\/media?parent=3764"}],"wp:term":[{"taxonomy":"category","embeddable":true,"href":"https:\/\/agora.xtec.cat\/esc-elpalau\/wp-json\/wp\/v2\/categories?post=3764"},{"taxonomy":"post_tag","embeddable":true,"href":"https:\/\/agora.xtec.cat\/esc-elpalau\/wp-json\/wp\/v2\/tags?post=3764"}],"curies":[{"name":"wp","href":"https:\/\/api.w.org\/{rel}","templated":true}]}}