{"id":3756,"date":"2023-11-08T09:48:10","date_gmt":"2023-11-08T08:48:10","guid":{"rendered":"https:\/\/agora.xtec.cat\/esc-elpalau\/?p=3756"},"modified":"2023-11-08T10:08:53","modified_gmt":"2023-11-08T09:08:53","slug":"97-anys-aprenent","status":"publish","type":"post","link":"https:\/\/agora.xtec.cat\/esc-elpalau\/general\/97-anys-aprenent\/","title":{"rendered":"97 anys aprenent a l&#8217;escola El palau"},"content":{"rendered":"<p>El dia 24 d&#8217;octubre la nostra escola El Palau va celebrar el seu 97\u00e8 aniversari! De mica en mica, va fent passets cap al centenari.<\/p>\n<p>L&#8217;Escola El Palau t\u00e9 molta hist\u00f2ria i les seves parets gruixudes guarden les hist\u00f2ries de moltes generacions de nenes i nens que al llarg del temps han apr\u00e8s a les aules i corregut pels passadissos. Nosaltres tamb\u00e9 formarem part de la seva hist\u00f2ria i cada dia deixem una miqueta de nosaltres entre les seves parets.<\/p>\n<p>Per celebrar l&#8217;aniversari hem fet una gimcana que ens ha fet rec\u00f3rrer tots els racons de l&#8217;escola i hem descobert espais ben amagats.<\/p>\n<p><a href=\"https:\/\/agora.xtec.cat\/esc-elpalau\/wp-content\/uploads\/usu1480\/2023\/11\/97.png\"><img loading=\"lazy\" decoding=\"async\" class=\"aligncenter size-full wp-image-3762\" src=\"https:\/\/agora.xtec.cat\/esc-elpalau\/wp-content\/uploads\/usu1480\/2023\/11\/97.png\" alt=\"\" width=\"1089\" height=\"696\" srcset=\"https:\/\/agora.xtec.cat\/esc-elpalau\/wp-content\/uploads\/usu1480\/2023\/11\/97.png 1089w, https:\/\/agora.xtec.cat\/esc-elpalau\/wp-content\/uploads\/usu1480\/2023\/11\/97-300x192.png 300w, https:\/\/agora.xtec.cat\/esc-elpalau\/wp-content\/uploads\/usu1480\/2023\/11\/97-1024x654.png 1024w, https:\/\/agora.xtec.cat\/esc-elpalau\/wp-content\/uploads\/usu1480\/2023\/11\/97-768x491.png 768w\" sizes=\"auto, (max-width: 1089px) 100vw, 1089px\" \/><\/a><\/p>\n","protected":false},"excerpt":{"rendered":"<p>El dia 24 d&#8217;octubre la nostra escola El Palau va celebrar el seu 97\u00e8 aniversari! De mica en mica, va fent passets cap al centenari.<br \/>\nL&#8217;Escola El Palau t\u00e9 molta hist\u00f2ria i les seves parets gruixudes guarden les hist\u00f2ries de moltes generacions de nenes i nens&hellip;  <a href=\"https:\/\/agora.xtec.cat\/esc-elpalau\/general\/97-anys-aprenent\/\" title=\"Read 97 anys aprenent a l&#8217;escola El palau\">Llegeix m\u00e9s\u00bb<\/a><\/p>\n","protected":false},"author":1,"featured_media":0,"comment_status":"open","ping_status":"closed","sticky":false,"template":"","format":"standard","meta":{"_bbp_topic_count":0,"_bbp_reply_count":0,"_bbp_total_topic_count":0,"_bbp_total_reply_count":0,"_bbp_voice_count":0,"_bbp_anonymous_reply_count":0,"_bbp_topic_count_hidden":0,"_bbp_reply_count_hidden":0,"_bbp_forum_subforum_count":0,"footnotes":""},"categories":[1,4],"tags":[],"class_list":["post-3756","post","type-post","status-publish","format-standard","hentry","category-general","category-portada"],"post_mailing_queue_ids":[],"_links":{"self":[{"href":"https:\/\/agora.xtec.cat\/esc-elpalau\/wp-json\/wp\/v2\/posts\/3756","targetHints":{"allow":["GET"]}}],"collection":[{"href":"https:\/\/agora.xtec.cat\/esc-elpalau\/wp-json\/wp\/v2\/posts"}],"about":[{"href":"https:\/\/agora.xtec.cat\/esc-elpalau\/wp-json\/wp\/v2\/types\/post"}],"author":[{"embeddable":true,"href":"https:\/\/agora.xtec.cat\/esc-elpalau\/wp-json\/wp\/v2\/users\/1"}],"replies":[{"embeddable":true,"href":"https:\/\/agora.xtec.cat\/esc-elpalau\/wp-json\/wp\/v2\/comments?post=3756"}],"version-history":[{"count":4,"href":"https:\/\/agora.xtec.cat\/esc-elpalau\/wp-json\/wp\/v2\/posts\/3756\/revisions"}],"predecessor-version":[{"id":3761,"href":"https:\/\/agora.xtec.cat\/esc-elpalau\/wp-json\/wp\/v2\/posts\/3756\/revisions\/3761"}],"wp:attachment":[{"href":"https:\/\/agora.xtec.cat\/esc-elpalau\/wp-json\/wp\/v2\/media?parent=3756"}],"wp:term":[{"taxonomy":"category","embeddable":true,"href":"https:\/\/agora.xtec.cat\/esc-elpalau\/wp-json\/wp\/v2\/categories?post=3756"},{"taxonomy":"post_tag","embeddable":true,"href":"https:\/\/agora.xtec.cat\/esc-elpalau\/wp-json\/wp\/v2\/tags?post=3756"}],"curies":[{"name":"wp","href":"https:\/\/api.w.org\/{rel}","templated":true}]}}