{"id":3435,"date":"2023-02-01T12:16:29","date_gmt":"2023-02-01T11:16:29","guid":{"rendered":"https:\/\/agora.xtec.cat\/esc-elpalau\/?p=3435"},"modified":"2023-02-24T12:58:51","modified_gmt":"2023-02-24T11:58:51","slug":"projecte-soc-music","status":"publish","type":"post","link":"https:\/\/agora.xtec.cat\/esc-elpalau\/general\/projecte-soc-music\/","title":{"rendered":"Projecte S\u00f3c M\u00fasic!"},"content":{"rendered":"<p style=\"text-align: right;\"><a href=\"https:\/\/agora.xtec.cat\/esc-elpalau\/wp-content\/uploads\/usu1480\/2023\/02\/SOC-MUSIC.jpg\"><img loading=\"lazy\" decoding=\"async\" class=\"wp-image-3441 alignright\" src=\"https:\/\/agora.xtec.cat\/esc-elpalau\/wp-content\/uploads\/usu1480\/2023\/02\/SOC-MUSIC.jpg\" alt=\"\" width=\"571\" height=\"428\" srcset=\"https:\/\/agora.xtec.cat\/esc-elpalau\/wp-content\/uploads\/usu1480\/2023\/02\/SOC-MUSIC.jpg 1024w, https:\/\/agora.xtec.cat\/esc-elpalau\/wp-content\/uploads\/usu1480\/2023\/02\/SOC-MUSIC-300x225.jpg 300w, https:\/\/agora.xtec.cat\/esc-elpalau\/wp-content\/uploads\/usu1480\/2023\/02\/SOC-MUSIC-768x576.jpg 768w, https:\/\/agora.xtec.cat\/esc-elpalau\/wp-content\/uploads\/usu1480\/2023\/02\/SOC-MUSIC-200x150.jpg 200w\" sizes=\"auto, (max-width: 571px) 100vw, 571px\" \/><\/a><\/p>\n<p>&#8220;Tenim el convenciment que totes les persones portem un m\u00fasic a dins. Ja des del moment en qu\u00e8 el nostre cor comen\u00e7a a bategar, el nostre cos sent una pulsaci\u00f3 i tenim el ritme interioritzat. No hem de pensar que la m\u00fasica \u00e9s alguna cosa aliena a nosaltres, que ens ha de venir de fora, a vegades inaccessible, i en cap cas hem de creure que no tenim la capacitat d\u2019executar-la. La m\u00fasica \u00e9s innata en nosaltres i nom\u00e9s cal que se\u2019ns donin les eines per exterioritzar-la, per treure tot el potencial que tenim i convertir-la en un mitj\u00e0 molt valu\u00f3s de comunicaci\u00f3, expressi\u00f3 i satisfacci\u00f3.<\/p>\n<p>Per aquest motiu, l\u2019Escola Municipal de M\u00fasica Juli\u00e0 Canals ofereix la implementaci\u00f3 del projecte comunitari S\u00d3C M\u00daSIC! amb el prop\u00f2sit de fer arribar la pr\u00e0ctica musical a un nombre d\u2019infants el m\u00e9s ampli possible, principalment a aquells que per condicionants econ\u00f2mics i familiars tenen m\u00e9s dificultats per incloure la m\u00fasica entre les seves activitats extraescolars.<\/p>\n<p>Volem despertar la sensibilitat musical dels infants, i at\u00e8s que la pr\u00e0ctica musical m\u00e9s estimulant i gratificant \u00e9s la que es fa en grup, proposem la formaci\u00f3 d\u2019un grup de violins i violoncels amb els alumnes de 3r i 4t de Prim\u00e0ria.<\/p>\n<p>&nbsp;<\/p>\n<p><a href=\"https:\/\/agora.xtec.cat\/esc-elpalau\/wp-content\/uploads\/usu1480\/2023\/02\/SOC-MUSIC-1.jpg\"><img loading=\"lazy\" decoding=\"async\" class=\"wp-image-3442 alignleft\" src=\"https:\/\/agora.xtec.cat\/esc-elpalau\/wp-content\/uploads\/usu1480\/2023\/02\/SOC-MUSIC-1.jpg\" alt=\"\" width=\"532\" height=\"399\" srcset=\"https:\/\/agora.xtec.cat\/esc-elpalau\/wp-content\/uploads\/usu1480\/2023\/02\/SOC-MUSIC-1.jpg 1024w, https:\/\/agora.xtec.cat\/esc-elpalau\/wp-content\/uploads\/usu1480\/2023\/02\/SOC-MUSIC-1-300x225.jpg 300w, https:\/\/agora.xtec.cat\/esc-elpalau\/wp-content\/uploads\/usu1480\/2023\/02\/SOC-MUSIC-1-768x576.jpg 768w, https:\/\/agora.xtec.cat\/esc-elpalau\/wp-content\/uploads\/usu1480\/2023\/02\/SOC-MUSIC-1-200x150.jpg 200w\" sizes=\"auto, (max-width: 532px) 100vw, 532px\" \/><\/a><\/p>\n<p>&nbsp;<\/p>\n<p><a href=\"https:\/\/agora.xtec.cat\/esc-elpalau\/wp-content\/uploads\/usu1480\/2023\/02\/ara-ART_color_negatiu.png_1595044798.png\"><img loading=\"lazy\" decoding=\"async\" class=\"aligncenter wp-image-3438\" src=\"https:\/\/agora.xtec.cat\/esc-elpalau\/wp-content\/uploads\/usu1480\/2023\/02\/ara-ART_color_negatiu.png_1595044798.png\" alt=\"\" width=\"72\" height=\"72\" srcset=\"https:\/\/agora.xtec.cat\/esc-elpalau\/wp-content\/uploads\/usu1480\/2023\/02\/ara-ART_color_negatiu.png_1595044798.png 538w, https:\/\/agora.xtec.cat\/esc-elpalau\/wp-content\/uploads\/usu1480\/2023\/02\/ara-ART_color_negatiu.png_1595044798-300x300.png 300w, https:\/\/agora.xtec.cat\/esc-elpalau\/wp-content\/uploads\/usu1480\/2023\/02\/ara-ART_color_negatiu.png_1595044798-150x150.png 150w\" sizes=\"auto, (max-width: 72px) 100vw, 72px\" \/><\/a><\/p>\n<p>El Programa d&#8217;innovaci\u00f3 pedag\u00f2gica \u201caraArt\u201d t\u00e9 la finalitat de fomentar i posar en valor projectes art\u00edstics que es portin a terme en el si d&#8217;un centre d&#8217;educaci\u00f3 infantil, prim\u00e0ria o secund\u00e0ria, en col\u00b7laboraci\u00f3 amb una escola art\u00edstica, un equipament cultural o institucions, entitats i associacions art\u00edstiques, per promoure l&#8217;equitat i la qualitat del sistema educatiu reflectida en la millora de les capacitats i compet\u00e8ncies de l&#8217;alumnat participant.<\/p>\n<p>&nbsp;<\/p>\n<p>La qualitat del sistema educatiu catal\u00e0 t\u00e9, entre altres objectius, l\u2019impuls de la innovaci\u00f3 pedag\u00f2gica en els centres educatius, i que aquesta transformaci\u00f3 educativa per garantir l\u2019\u00e8xit educatiu a tot l\u2019alumnat amb una igualtat d\u2019oportunitats i amb expectatives d\u2019\u00e8xit, \u00e9s un objectiu d\u2019inter\u00e8s com\u00fa al Departament d\u2019Educaci\u00f3 i l\u2019Ajuntament de Molins de Rei.<\/p>\n<p>L\u2019Ajuntament de Molins de Rei t\u00e9 la voluntat de col\u00b7laborar amb l\u2019administraci\u00f3 de la Generalitat de Catalunya mitjan\u00e7ant el Departament d\u2019Educaci\u00f3 en el desenvolupament de les compet\u00e8ncies art\u00edstiques de l\u2019alumnat d\u2019Educaci\u00f3 Infantil i Prim\u00e0ria de l\u2019escola El Palau del municipi amb la finalitat de potenciar la m\u00fasica com a mesura universal de suport a les \u00e0rees instrumentals, incidir en el desenvolupament integral de l\u2019alumne, treballar l\u2019estimulaci\u00f3 preco\u00e7 a trav\u00e9s de la m\u00fasica, incidir en la millora de l\u2019assoliment de les compet\u00e8ncies b\u00e0siques i que aquest sigui un element de cohesi\u00f3 social i foment cultural.<\/p>\n","protected":false},"excerpt":{"rendered":"<p><a href=\"https:\/\/agora.xtec.cat\/esc-elpalau\/wp-content\/uploads\/usu1480\/2023\/02\/SOC-MUSIC.jpg\"><\/a><br \/>\n&#8220;Tenim el convenciment que totes les persones portem un m\u00fasic a dins. Ja des del moment en qu\u00e8 el nostre cor comen\u00e7a a bategar, el nostre cos sent una pulsaci\u00f3 i tenim el ritme interioritzat. No hem de pensar que la m\u00fasica \u00e9s alguna&hellip;  <a href=\"https:\/\/agora.xtec.cat\/esc-elpalau\/general\/projecte-soc-music\/\" title=\"Read Projecte S\u00f3c M\u00fasic!\">Llegeix m\u00e9s\u00bb<\/a><\/p>\n","protected":false},"author":1,"featured_media":3442,"comment_status":"open","ping_status":"closed","sticky":false,"template":"","format":"standard","meta":{"_bbp_topic_count":0,"_bbp_reply_count":0,"_bbp_total_topic_count":0,"_bbp_total_reply_count":0,"_bbp_voice_count":0,"_bbp_anonymous_reply_count":0,"_bbp_topic_count_hidden":0,"_bbp_reply_count_hidden":0,"_bbp_forum_subforum_count":0,"footnotes":""},"categories":[11,1,4,163],"tags":[],"class_list":["post-3435","post","type-post","status-publish","format-standard","has-post-thumbnail","hentry","category-c-mitja","category-general","category-portada","category-musica"],"post_mailing_queue_ids":[],"_links":{"self":[{"href":"https:\/\/agora.xtec.cat\/esc-elpalau\/wp-json\/wp\/v2\/posts\/3435","targetHints":{"allow":["GET"]}}],"collection":[{"href":"https:\/\/agora.xtec.cat\/esc-elpalau\/wp-json\/wp\/v2\/posts"}],"about":[{"href":"https:\/\/agora.xtec.cat\/esc-elpalau\/wp-json\/wp\/v2\/types\/post"}],"author":[{"embeddable":true,"href":"https:\/\/agora.xtec.cat\/esc-elpalau\/wp-json\/wp\/v2\/users\/1"}],"replies":[{"embeddable":true,"href":"https:\/\/agora.xtec.cat\/esc-elpalau\/wp-json\/wp\/v2\/comments?post=3435"}],"version-history":[{"count":4,"href":"https:\/\/agora.xtec.cat\/esc-elpalau\/wp-json\/wp\/v2\/posts\/3435\/revisions"}],"predecessor-version":[{"id":3542,"href":"https:\/\/agora.xtec.cat\/esc-elpalau\/wp-json\/wp\/v2\/posts\/3435\/revisions\/3542"}],"wp:featuredmedia":[{"embeddable":true,"href":"https:\/\/agora.xtec.cat\/esc-elpalau\/wp-json\/wp\/v2\/media\/3442"}],"wp:attachment":[{"href":"https:\/\/agora.xtec.cat\/esc-elpalau\/wp-json\/wp\/v2\/media?parent=3435"}],"wp:term":[{"taxonomy":"category","embeddable":true,"href":"https:\/\/agora.xtec.cat\/esc-elpalau\/wp-json\/wp\/v2\/categories?post=3435"},{"taxonomy":"post_tag","embeddable":true,"href":"https:\/\/agora.xtec.cat\/esc-elpalau\/wp-json\/wp\/v2\/tags?post=3435"}],"curies":[{"name":"wp","href":"https:\/\/api.w.org\/{rel}","templated":true}]}}