{"id":3354,"date":"2023-01-31T13:21:34","date_gmt":"2023-01-31T12:21:34","guid":{"rendered":"https:\/\/agora.xtec.cat\/esc-elpalau\/?p=3354"},"modified":"2023-02-01T12:24:11","modified_gmt":"2023-02-01T11:24:11","slug":"ens-convertim-en-artistes-de-la-ma-de-la-frida","status":"publish","type":"post","link":"https:\/\/agora.xtec.cat\/esc-elpalau\/general\/ens-convertim-en-artistes-de-la-ma-de-la-frida\/","title":{"rendered":"Ens convertim en artistes de la m\u00e0 de la Frida!"},"content":{"rendered":"<p>Els nens i nenes de Cicle Inicial estem fent un taller en el que coneixem a l&#8217;artista Frida Kahlo. D&#8217;aquesta manera descobrim la seva vida i les seves obres, qu\u00e8 \u00e9s un retrat i un autoretrat. Experimentem amb l&#8217;art, amb la comunicaci\u00f3 oral i els materials pl\u00e0stics.<\/p>\n<p>El taller tamb\u00e9 ens ajuda a treballar l&#8217;autonomia i el treball en equip, ja que podem triar entre diferents propostes i dur-les a terme amb els nostres companys i companyes.<\/p>\n<p>Una de les primeres activitats del taller \u00e9s fer un retrat de la Frida, igual que ella dibuixava estirada al seu llit. Aqu\u00ed teniu algunes fotos dels retrats que hem elaborat.<\/p>\n<p>Esperem que us agradin, i com deia la Frida Kahlo&#8230; \u00a1VIVA LA VIDA!<\/p>\n<p><img loading=\"lazy\" decoding=\"async\" class=\"aligncenter\" src=\"https:\/\/i0.wp.com\/arteref.com\/wp-content\/uploads\/2021\/02\/DESTAQUE.jpg?fit=900%2C700&amp;ssl=1\" width=\"197\" height=\"153\" \/><\/p>\n<p><a href=\"https:\/\/agora.xtec.cat\/esc-elpalau\/wp-content\/uploads\/usu1480\/2023\/01\/Captura6-rotated.jpg\"><img loading=\"lazy\" decoding=\"async\" class=\" wp-image-3372 aligncenter\" src=\"https:\/\/agora.xtec.cat\/esc-elpalau\/wp-content\/uploads\/usu1480\/2023\/01\/Captura6-rotated.jpg\" alt=\"\" width=\"504\" height=\"379\" srcset=\"https:\/\/agora.xtec.cat\/esc-elpalau\/wp-content\/uploads\/usu1480\/2023\/01\/Captura6-rotated.jpg 803w, https:\/\/agora.xtec.cat\/esc-elpalau\/wp-content\/uploads\/usu1480\/2023\/01\/Captura6-300x226.jpg 300w, https:\/\/agora.xtec.cat\/esc-elpalau\/wp-content\/uploads\/usu1480\/2023\/01\/Captura6-768x578.jpg 768w, https:\/\/agora.xtec.cat\/esc-elpalau\/wp-content\/uploads\/usu1480\/2023\/01\/Captura6-200x150.jpg 200w\" sizes=\"auto, (max-width: 504px) 100vw, 504px\" \/><\/a><\/p>\n<p><a href=\"https:\/\/agora.xtec.cat\/esc-elpalau\/wp-content\/uploads\/usu1480\/2023\/01\/Captura1.jpg\"><img loading=\"lazy\" decoding=\"async\" class=\"wp-image-3374 aligncenter\" src=\"https:\/\/agora.xtec.cat\/esc-elpalau\/wp-content\/uploads\/usu1480\/2023\/01\/Captura1-1024x765.jpg\" alt=\"\" width=\"511\" height=\"382\" srcset=\"https:\/\/agora.xtec.cat\/esc-elpalau\/wp-content\/uploads\/usu1480\/2023\/01\/Captura1-1024x765.jpg 1024w, https:\/\/agora.xtec.cat\/esc-elpalau\/wp-content\/uploads\/usu1480\/2023\/01\/Captura1-300x224.jpg 300w, https:\/\/agora.xtec.cat\/esc-elpalau\/wp-content\/uploads\/usu1480\/2023\/01\/Captura1-768x574.jpg 768w, https:\/\/agora.xtec.cat\/esc-elpalau\/wp-content\/uploads\/usu1480\/2023\/01\/Captura1-200x150.jpg 200w, https:\/\/agora.xtec.cat\/esc-elpalau\/wp-content\/uploads\/usu1480\/2023\/01\/Captura1.jpg 1337w\" sizes=\"auto, (max-width: 511px) 100vw, 511px\" \/><\/a><\/p>\n<p><a href=\"https:\/\/agora.xtec.cat\/esc-elpalau\/wp-content\/uploads\/usu1480\/2023\/01\/Captura2-1.jpg\"><img loading=\"lazy\" decoding=\"async\" class=\"wp-image-3375 aligncenter\" src=\"https:\/\/agora.xtec.cat\/esc-elpalau\/wp-content\/uploads\/usu1480\/2023\/01\/Captura2-1-1024x768.jpg\" alt=\"\" width=\"509\" height=\"382\" srcset=\"https:\/\/agora.xtec.cat\/esc-elpalau\/wp-content\/uploads\/usu1480\/2023\/01\/Captura2-1-1024x768.jpg 1024w, https:\/\/agora.xtec.cat\/esc-elpalau\/wp-content\/uploads\/usu1480\/2023\/01\/Captura2-1-300x225.jpg 300w, https:\/\/agora.xtec.cat\/esc-elpalau\/wp-content\/uploads\/usu1480\/2023\/01\/Captura2-1-768x576.jpg 768w, https:\/\/agora.xtec.cat\/esc-elpalau\/wp-content\/uploads\/usu1480\/2023\/01\/Captura2-1-200x150.jpg 200w, https:\/\/agora.xtec.cat\/esc-elpalau\/wp-content\/uploads\/usu1480\/2023\/01\/Captura2-1.jpg 1336w\" sizes=\"auto, (max-width: 509px) 100vw, 509px\" \/><\/a><\/p>\n<p><a href=\"https:\/\/agora.xtec.cat\/esc-elpalau\/wp-content\/uploads\/usu1480\/2023\/01\/Captura3-1.jpg\"><img loading=\"lazy\" decoding=\"async\" class=\"wp-image-3376 aligncenter\" src=\"https:\/\/agora.xtec.cat\/esc-elpalau\/wp-content\/uploads\/usu1480\/2023\/01\/Captura3-1.jpg\" alt=\"\" width=\"513\" height=\"673\" srcset=\"https:\/\/agora.xtec.cat\/esc-elpalau\/wp-content\/uploads\/usu1480\/2023\/01\/Captura3-1.jpg 767w, https:\/\/agora.xtec.cat\/esc-elpalau\/wp-content\/uploads\/usu1480\/2023\/01\/Captura3-1-229x300.jpg 229w\" sizes=\"auto, (max-width: 513px) 100vw, 513px\" \/><\/a><\/p>\n","protected":false},"excerpt":{"rendered":"<p>Els nens i nenes de Cicle Inicial estem fent un taller en el que coneixem a l&#8217;artista Frida Kahlo. D&#8217;aquesta manera descobrim la seva vida i les seves obres, qu\u00e8 \u00e9s un retrat i un autoretrat. Experimentem amb l&#8217;art, amb la comunicaci\u00f3 oral i els&hellip;  <a href=\"https:\/\/agora.xtec.cat\/esc-elpalau\/general\/ens-convertim-en-artistes-de-la-ma-de-la-frida\/\" title=\"Read Ens convertim en artistes de la m\u00e0 de la Frida!\">Llegeix m\u00e9s\u00bb<\/a><\/p>\n","protected":false},"author":1,"featured_media":3372,"comment_status":"open","ping_status":"closed","sticky":false,"template":"","format":"standard","meta":{"_bbp_topic_count":0,"_bbp_reply_count":0,"_bbp_total_topic_count":0,"_bbp_total_reply_count":0,"_bbp_voice_count":0,"_bbp_anonymous_reply_count":0,"_bbp_topic_count_hidden":0,"_bbp_reply_count_hidden":0,"_bbp_forum_subforum_count":0,"footnotes":""},"categories":[131,10,1,4,5],"tags":[],"class_list":["post-3354","post","type-post","status-publish","format-standard","has-post-thumbnail","hentry","category-art-and-bloc","category-c-inicial","category-general","category-portada","category-primaria"],"post_mailing_queue_ids":[],"_links":{"self":[{"href":"https:\/\/agora.xtec.cat\/esc-elpalau\/wp-json\/wp\/v2\/posts\/3354","targetHints":{"allow":["GET"]}}],"collection":[{"href":"https:\/\/agora.xtec.cat\/esc-elpalau\/wp-json\/wp\/v2\/posts"}],"about":[{"href":"https:\/\/agora.xtec.cat\/esc-elpalau\/wp-json\/wp\/v2\/types\/post"}],"author":[{"embeddable":true,"href":"https:\/\/agora.xtec.cat\/esc-elpalau\/wp-json\/wp\/v2\/users\/1"}],"replies":[{"embeddable":true,"href":"https:\/\/agora.xtec.cat\/esc-elpalau\/wp-json\/wp\/v2\/comments?post=3354"}],"version-history":[{"count":2,"href":"https:\/\/agora.xtec.cat\/esc-elpalau\/wp-json\/wp\/v2\/posts\/3354\/revisions"}],"predecessor-version":[{"id":3415,"href":"https:\/\/agora.xtec.cat\/esc-elpalau\/wp-json\/wp\/v2\/posts\/3354\/revisions\/3415"}],"wp:featuredmedia":[{"embeddable":true,"href":"https:\/\/agora.xtec.cat\/esc-elpalau\/wp-json\/wp\/v2\/media\/3372"}],"wp:attachment":[{"href":"https:\/\/agora.xtec.cat\/esc-elpalau\/wp-json\/wp\/v2\/media?parent=3354"}],"wp:term":[{"taxonomy":"category","embeddable":true,"href":"https:\/\/agora.xtec.cat\/esc-elpalau\/wp-json\/wp\/v2\/categories?post=3354"},{"taxonomy":"post_tag","embeddable":true,"href":"https:\/\/agora.xtec.cat\/esc-elpalau\/wp-json\/wp\/v2\/tags?post=3354"}],"curies":[{"name":"wp","href":"https:\/\/api.w.org\/{rel}","templated":true}]}}