{"id":3353,"date":"2023-01-11T12:30:44","date_gmt":"2023-01-11T11:30:44","guid":{"rendered":"https:\/\/agora.xtec.cat\/esc-elpalau\/?p=3353"},"modified":"2023-02-01T12:31:26","modified_gmt":"2023-02-01T11:31:26","slug":"3r-va-al-liceu","status":"publish","type":"post","link":"https:\/\/agora.xtec.cat\/esc-elpalau\/general\/3r-va-al-liceu\/","title":{"rendered":"3r VA AL LICEU!"},"content":{"rendered":"<p>El passat dimecres dia 11 de gener, els i les alumnes de tercer i quart vam tenir l\u2019oportunitat d\u2019anar a veure una \u00f2pera al Gran Teatre del Liceu. L\u2019\u00f2pera que vam veure va ser \u201cLa cuina de Rossini\u201d. Aquesta ens explica la hist\u00f2ria de dos joves, en Ross i la Isabella, els quals, en un viatge d\u2019amistat i de descoberta, s\u2019endinsaran en un m\u00f3n fascinant que els portar\u00e0 fins a les \u00f2peres de Rossini. Vam poder escoltar fragment del &#8220;Barber de Sevilla&#8221; amb el seu fam\u00f3s &#8220;F\u00edgaro&#8221;; fragments de &#8220;La Ventafocs&#8221; i con\u00e8ixer m\u00e9s la hist\u00f2ria de &#8220;Guillem Tell&#8221;<\/p>\n<p>Va ser una experi\u00e8ncia fant\u00e0stica. Vam gaudir molt i ens va fascinar el teatre per dins.<\/p>\n<p>Despr\u00e9s vam passejar rambles a vall i vam anar a dinar al port vell. Va ser un gran dia!<\/p>\n<p><a href=\"https:\/\/agora.xtec.cat\/esc-elpalau\/wp-content\/uploads\/usu1480\/2023\/01\/OPERA-LICEU.png\"><img loading=\"lazy\" decoding=\"async\" class=\"aligncenter size-full wp-image-3409\" src=\"https:\/\/agora.xtec.cat\/esc-elpalau\/wp-content\/uploads\/usu1480\/2023\/01\/OPERA-LICEU.png\" alt=\"\" width=\"720\" height=\"700\" srcset=\"https:\/\/agora.xtec.cat\/esc-elpalau\/wp-content\/uploads\/usu1480\/2023\/01\/OPERA-LICEU.png 720w, https:\/\/agora.xtec.cat\/esc-elpalau\/wp-content\/uploads\/usu1480\/2023\/01\/OPERA-LICEU-300x292.png 300w\" sizes=\"auto, (max-width: 720px) 100vw, 720px\" \/><\/a><\/p>\n<p>&nbsp;<\/p>\n","protected":false},"excerpt":{"rendered":"<p>El passat dimecres dia 11 de gener, els i les alumnes de tercer i quart vam tenir l\u2019oportunitat d\u2019anar a veure una \u00f2pera al Gran Teatre del Liceu. L\u2019\u00f2pera que vam veure va ser \u201cLa cuina de Rossini\u201d. Aquesta ens explica la hist\u00f2ria de dos&hellip;  <a href=\"https:\/\/agora.xtec.cat\/esc-elpalau\/general\/3r-va-al-liceu\/\" title=\"Read 3r VA AL LICEU!\">Llegeix m\u00e9s\u00bb<\/a><\/p>\n","protected":false},"author":31,"featured_media":0,"comment_status":"open","ping_status":"closed","sticky":false,"template":"","format":"standard","meta":{"_bbp_topic_count":0,"_bbp_reply_count":0,"_bbp_total_topic_count":0,"_bbp_total_reply_count":0,"_bbp_voice_count":0,"_bbp_anonymous_reply_count":0,"_bbp_topic_count_hidden":0,"_bbp_reply_count_hidden":0,"_bbp_forum_subforum_count":0,"footnotes":""},"categories":[11,1,5],"tags":[],"class_list":["post-3353","post","type-post","status-publish","format-standard","hentry","category-c-mitja","category-general","category-primaria"],"post_mailing_queue_ids":[],"_links":{"self":[{"href":"https:\/\/agora.xtec.cat\/esc-elpalau\/wp-json\/wp\/v2\/posts\/3353","targetHints":{"allow":["GET"]}}],"collection":[{"href":"https:\/\/agora.xtec.cat\/esc-elpalau\/wp-json\/wp\/v2\/posts"}],"about":[{"href":"https:\/\/agora.xtec.cat\/esc-elpalau\/wp-json\/wp\/v2\/types\/post"}],"author":[{"embeddable":true,"href":"https:\/\/agora.xtec.cat\/esc-elpalau\/wp-json\/wp\/v2\/users\/31"}],"replies":[{"embeddable":true,"href":"https:\/\/agora.xtec.cat\/esc-elpalau\/wp-json\/wp\/v2\/comments?post=3353"}],"version-history":[{"count":3,"href":"https:\/\/agora.xtec.cat\/esc-elpalau\/wp-json\/wp\/v2\/posts\/3353\/revisions"}],"predecessor-version":[{"id":3410,"href":"https:\/\/agora.xtec.cat\/esc-elpalau\/wp-json\/wp\/v2\/posts\/3353\/revisions\/3410"}],"wp:attachment":[{"href":"https:\/\/agora.xtec.cat\/esc-elpalau\/wp-json\/wp\/v2\/media?parent=3353"}],"wp:term":[{"taxonomy":"category","embeddable":true,"href":"https:\/\/agora.xtec.cat\/esc-elpalau\/wp-json\/wp\/v2\/categories?post=3353"},{"taxonomy":"post_tag","embeddable":true,"href":"https:\/\/agora.xtec.cat\/esc-elpalau\/wp-json\/wp\/v2\/tags?post=3353"}],"curies":[{"name":"wp","href":"https:\/\/api.w.org\/{rel}","templated":true}]}}