{"id":3326,"date":"2023-02-01T10:25:14","date_gmt":"2023-02-01T09:25:14","guid":{"rendered":"https:\/\/agora.xtec.cat\/esc-elpalau\/?p=3326"},"modified":"2023-02-10T12:49:41","modified_gmt":"2023-02-10T11:49:41","slug":"a-5e-ja-som-expertes-en-treballar-per-intineraris","status":"publish","type":"post","link":"https:\/\/agora.xtec.cat\/esc-elpalau\/general\/a-5e-ja-som-expertes-en-treballar-per-intineraris\/","title":{"rendered":"A 5\u00e8 ja som expertes en treballar per intineraris!"},"content":{"rendered":"<p><a href=\"https:\/\/agora.xtec.cat\/esc-elpalau\/wp-content\/uploads\/usu1480\/2023\/02\/I-1-scaled.jpg\"><img loading=\"lazy\" decoding=\"async\" class=\"wp-image-3522 alignleft\" src=\"https:\/\/agora.xtec.cat\/esc-elpalau\/wp-content\/uploads\/usu1480\/2023\/02\/I-1-scaled.jpg\" alt=\"\" width=\"467\" height=\"282\" srcset=\"https:\/\/agora.xtec.cat\/esc-elpalau\/wp-content\/uploads\/usu1480\/2023\/02\/I-1-scaled.jpg 2560w, https:\/\/agora.xtec.cat\/esc-elpalau\/wp-content\/uploads\/usu1480\/2023\/02\/I-1-300x181.jpg 300w, https:\/\/agora.xtec.cat\/esc-elpalau\/wp-content\/uploads\/usu1480\/2023\/02\/I-1-1024x618.jpg 1024w, https:\/\/agora.xtec.cat\/esc-elpalau\/wp-content\/uploads\/usu1480\/2023\/02\/I-1-768x463.jpg 768w, https:\/\/agora.xtec.cat\/esc-elpalau\/wp-content\/uploads\/usu1480\/2023\/02\/I-1-1536x926.jpg 1536w, https:\/\/agora.xtec.cat\/esc-elpalau\/wp-content\/uploads\/usu1480\/2023\/02\/I-1-2048x1235.jpg 2048w\" sizes=\"auto, (max-width: 467px) 100vw, 467px\" \/><\/a><\/p>\n<p>Els nens i nenes de cinqu\u00e8, aquest any, han comen\u00e7at a treballar amb una metodologia nova, els itineraris! I segurament us estareu preguntant&#8230; En qu\u00e8 consisteix? Doncs b\u00e9 us ho expliquem!<\/p>\n<p>Cada itinerari consta d&#8217;aprenentatges de coneixement del medi natural i social barrejat amb continguts de llengua. Cada itinerari \u00e9s en catal\u00e0 o castell\u00e0 i es desenvolupen els continguts en aquesta llengua.<\/p>\n<p>&nbsp;<\/p>\n<p><a href=\"https:\/\/agora.xtec.cat\/esc-elpalau\/wp-content\/uploads\/usu1480\/2023\/02\/I-2-scaled.jpg\"><img loading=\"lazy\" decoding=\"async\" class=\"wp-image-3523 alignright\" src=\"https:\/\/agora.xtec.cat\/esc-elpalau\/wp-content\/uploads\/usu1480\/2023\/02\/I-2-scaled.jpg\" alt=\"\" width=\"426\" height=\"299\" srcset=\"https:\/\/agora.xtec.cat\/esc-elpalau\/wp-content\/uploads\/usu1480\/2023\/02\/I-2-scaled.jpg 2560w, https:\/\/agora.xtec.cat\/esc-elpalau\/wp-content\/uploads\/usu1480\/2023\/02\/I-2-300x210.jpg 300w, https:\/\/agora.xtec.cat\/esc-elpalau\/wp-content\/uploads\/usu1480\/2023\/02\/I-2-1024x718.jpg 1024w, https:\/\/agora.xtec.cat\/esc-elpalau\/wp-content\/uploads\/usu1480\/2023\/02\/I-2-768x539.jpg 768w, https:\/\/agora.xtec.cat\/esc-elpalau\/wp-content\/uploads\/usu1480\/2023\/02\/I-2-1536x1077.jpg 1536w, https:\/\/agora.xtec.cat\/esc-elpalau\/wp-content\/uploads\/usu1480\/2023\/02\/I-2-2048x1436.jpg 2048w\" sizes=\"auto, (max-width: 426px) 100vw, 426px\" \/><\/a><\/p>\n<p>&nbsp;<\/p>\n<p>L&#8217;objectiu d&#8217;aquesta metodologia emprada \u00e9s que l&#8217;alumnat esdevingui m\u00e9s aut\u00f2nom, objectiu\u00a0principal d&#8217;aquesta etapa educativa.<\/p>\n<p>Per aconseguir-ho l&#8217;alumnat \u00e9s coneixedor dels objectius d&#8217;aquell itinerari i de tots els continguts que es treballaran durant aquelles setmanes. Per aconseguir la teoria necess\u00e0ria per resoldre els reptes (activitats) en grups han d&#8217;investigar i cercar la informaci\u00f3 necess\u00e0ria a trav\u00e9s de llibres de consulta i l&#8217;\u00fas dels ordinadors 1&#215;1.<\/p>\n<p>&nbsp;<\/p>\n<p>&nbsp;<\/p>\n","protected":false},"excerpt":{"rendered":"<p><a href=\"https:\/\/agora.xtec.cat\/esc-elpalau\/wp-content\/uploads\/usu1480\/2023\/02\/I-1-scaled.jpg\"><\/a><br \/>\nEls nens i nenes de cinqu\u00e8, aquest any, han comen\u00e7at a treballar amb una metodologia nova, els itineraris! I segurament us estareu preguntant&#8230; En qu\u00e8 consisteix? Doncs b\u00e9 us ho expliquem!<br \/>\nCada itinerari consta d&#8217;aprenentatges de coneixement del medi natural i social barrejat amb continguts&hellip;  <a href=\"https:\/\/agora.xtec.cat\/esc-elpalau\/general\/a-5e-ja-som-expertes-en-treballar-per-intineraris\/\" title=\"Read A 5\u00e8 ja som expertes en treballar per intineraris!\">Llegeix m\u00e9s\u00bb<\/a><\/p>\n","protected":false},"author":1,"featured_media":0,"comment_status":"open","ping_status":"closed","sticky":false,"template":"","format":"standard","meta":{"_bbp_topic_count":0,"_bbp_reply_count":0,"_bbp_total_topic_count":0,"_bbp_total_reply_count":0,"_bbp_voice_count":0,"_bbp_anonymous_reply_count":0,"_bbp_topic_count_hidden":0,"_bbp_reply_count_hidden":0,"_bbp_forum_subforum_count":0,"footnotes":""},"categories":[12,1,4],"tags":[],"class_list":["post-3326","post","type-post","status-publish","format-standard","hentry","category-c-superior","category-general","category-portada"],"post_mailing_queue_ids":[],"_links":{"self":[{"href":"https:\/\/agora.xtec.cat\/esc-elpalau\/wp-json\/wp\/v2\/posts\/3326","targetHints":{"allow":["GET"]}}],"collection":[{"href":"https:\/\/agora.xtec.cat\/esc-elpalau\/wp-json\/wp\/v2\/posts"}],"about":[{"href":"https:\/\/agora.xtec.cat\/esc-elpalau\/wp-json\/wp\/v2\/types\/post"}],"author":[{"embeddable":true,"href":"https:\/\/agora.xtec.cat\/esc-elpalau\/wp-json\/wp\/v2\/users\/1"}],"replies":[{"embeddable":true,"href":"https:\/\/agora.xtec.cat\/esc-elpalau\/wp-json\/wp\/v2\/comments?post=3326"}],"version-history":[{"count":4,"href":"https:\/\/agora.xtec.cat\/esc-elpalau\/wp-json\/wp\/v2\/posts\/3326\/revisions"}],"predecessor-version":[{"id":3530,"href":"https:\/\/agora.xtec.cat\/esc-elpalau\/wp-json\/wp\/v2\/posts\/3326\/revisions\/3530"}],"wp:attachment":[{"href":"https:\/\/agora.xtec.cat\/esc-elpalau\/wp-json\/wp\/v2\/media?parent=3326"}],"wp:term":[{"taxonomy":"category","embeddable":true,"href":"https:\/\/agora.xtec.cat\/esc-elpalau\/wp-json\/wp\/v2\/categories?post=3326"},{"taxonomy":"post_tag","embeddable":true,"href":"https:\/\/agora.xtec.cat\/esc-elpalau\/wp-json\/wp\/v2\/tags?post=3326"}],"curies":[{"name":"wp","href":"https:\/\/api.w.org\/{rel}","templated":true}]}}