{"id":3310,"date":"2023-01-30T13:40:09","date_gmt":"2023-01-30T12:40:09","guid":{"rendered":"https:\/\/agora.xtec.cat\/esc-elpalau\/?p=3310"},"modified":"2023-01-31T11:10:44","modified_gmt":"2023-01-31T10:10:44","slug":"pintem-com-claude-monet-classe-de-4t","status":"publish","type":"post","link":"https:\/\/agora.xtec.cat\/esc-elpalau\/primaria\/pintem-com-claude-monet-classe-de-4t\/","title":{"rendered":"PINTEM COM CLAUDE MONET classe de 4t"},"content":{"rendered":"<p><iframe loading=\"lazy\" title=\"MONET\" width=\"500\" height=\"375\" src=\"https:\/\/www.youtube.com\/embed\/plh9wFAHCf4?feature=oembed\" frameborder=\"0\" allow=\"accelerometer; autoplay; clipboard-write; encrypted-media; gyroscope; picture-in-picture; web-share\" referrerpolicy=\"strict-origin-when-cross-origin\" allowfullscreen><\/iframe><\/p>\n<p>Els alumnes de 4rt hem estudiat el pintor impressionista franc\u00e8s Claude Monet. Ens hem inspirat en el jard\u00ed aqu\u00e0tic de nen\u00fafars que va pintar en les seves obres,<\/p>\n","protected":false},"excerpt":{"rendered":"<p>Els alumnes de 4rt hem estudiat el pintor impressionista franc\u00e8s Claude Monet. Ens hem inspirat en el jard\u00ed aqu\u00e0tic de nen\u00fafars que va pintar en les seves obres,<\/p>\n","protected":false},"author":1,"featured_media":0,"comment_status":"open","ping_status":"closed","sticky":false,"template":"","format":"standard","meta":{"_bbp_topic_count":0,"_bbp_reply_count":0,"_bbp_total_topic_count":0,"_bbp_total_reply_count":0,"_bbp_voice_count":0,"_bbp_anonymous_reply_count":0,"_bbp_topic_count_hidden":0,"_bbp_reply_count_hidden":0,"_bbp_forum_subforum_count":0,"footnotes":""},"categories":[131,11,5],"tags":[],"class_list":["post-3310","post","type-post","status-publish","format-standard","hentry","category-art-and-bloc","category-c-mitja","category-primaria"],"post_mailing_queue_ids":[],"_links":{"self":[{"href":"https:\/\/agora.xtec.cat\/esc-elpalau\/wp-json\/wp\/v2\/posts\/3310","targetHints":{"allow":["GET"]}}],"collection":[{"href":"https:\/\/agora.xtec.cat\/esc-elpalau\/wp-json\/wp\/v2\/posts"}],"about":[{"href":"https:\/\/agora.xtec.cat\/esc-elpalau\/wp-json\/wp\/v2\/types\/post"}],"author":[{"embeddable":true,"href":"https:\/\/agora.xtec.cat\/esc-elpalau\/wp-json\/wp\/v2\/users\/1"}],"replies":[{"embeddable":true,"href":"https:\/\/agora.xtec.cat\/esc-elpalau\/wp-json\/wp\/v2\/comments?post=3310"}],"version-history":[{"count":2,"href":"https:\/\/agora.xtec.cat\/esc-elpalau\/wp-json\/wp\/v2\/posts\/3310\/revisions"}],"predecessor-version":[{"id":3314,"href":"https:\/\/agora.xtec.cat\/esc-elpalau\/wp-json\/wp\/v2\/posts\/3310\/revisions\/3314"}],"wp:attachment":[{"href":"https:\/\/agora.xtec.cat\/esc-elpalau\/wp-json\/wp\/v2\/media?parent=3310"}],"wp:term":[{"taxonomy":"category","embeddable":true,"href":"https:\/\/agora.xtec.cat\/esc-elpalau\/wp-json\/wp\/v2\/categories?post=3310"},{"taxonomy":"post_tag","embeddable":true,"href":"https:\/\/agora.xtec.cat\/esc-elpalau\/wp-json\/wp\/v2\/tags?post=3310"}],"curies":[{"name":"wp","href":"https:\/\/api.w.org\/{rel}","templated":true}]}}