{"id":3272,"date":"2023-01-26T11:46:24","date_gmt":"2023-01-26T10:46:24","guid":{"rendered":"https:\/\/agora.xtec.cat\/esc-elpalau\/?p=3272"},"modified":"2023-01-26T11:47:19","modified_gmt":"2023-01-26T10:47:19","slug":"sortida-a-museu-miro","status":"publish","type":"post","link":"https:\/\/agora.xtec.cat\/esc-elpalau\/infantil\/sortida-a-museu-miro\/","title":{"rendered":"Sortida a museu Mir\u00f3"},"content":{"rendered":"<p>Els nens i nenes d&#8217;Infantil hem fet una visita al museu Mir\u00f3 de Barcelona. Hem pogut observar les seves obres, les seves t\u00e8cniques a l&#8217;hora de pintar i les que m\u00e9s ens han agradat han estat l&#8217;esquitx, l&#8217;estampaci\u00f3 de mans i el regalim. Hem decidit que quan arribem a l&#8217;escola tamb\u00e9 les posarem en pr\u00e0ctica nosaltres!!<\/p>\n<p><iframe loading=\"lazy\" width=\"560\" height=\"315\" src=\"https:\/\/www.youtube.com\/embed\/fn85SmS4IUA\" title=\"YouTube video player\" frameborder=\"0\"><\/iframe><\/p>\n","protected":false},"excerpt":{"rendered":"<p>Els nens i nenes d&#8217;Infantil hem fet una visita al museu Mir\u00f3 de Barcelona. Hem pogut observar les seves obres, les seves t\u00e8cniques a l&#8217;hora de pintar i les que m\u00e9s ens han agradat han estat l&#8217;esquitx, l&#8217;estampaci\u00f3 de mans i el regalim. Hem decidit&hellip;  <a href=\"https:\/\/agora.xtec.cat\/esc-elpalau\/infantil\/sortida-a-museu-miro\/\" title=\"Read Sortida a museu Mir\u00f3\">Llegeix m\u00e9s\u00bb<\/a><\/p>\n","protected":false},"author":18,"featured_media":3277,"comment_status":"open","ping_status":"closed","sticky":false,"template":"","format":"standard","meta":{"_bbp_topic_count":0,"_bbp_reply_count":0,"_bbp_total_topic_count":0,"_bbp_total_reply_count":0,"_bbp_voice_count":0,"_bbp_anonymous_reply_count":0,"_bbp_topic_count_hidden":0,"_bbp_reply_count_hidden":0,"_bbp_forum_subforum_count":0,"footnotes":""},"categories":[2],"tags":[],"class_list":["post-3272","post","type-post","status-publish","format-standard","has-post-thumbnail","hentry","category-infantil"],"post_mailing_queue_ids":[],"_links":{"self":[{"href":"https:\/\/agora.xtec.cat\/esc-elpalau\/wp-json\/wp\/v2\/posts\/3272","targetHints":{"allow":["GET"]}}],"collection":[{"href":"https:\/\/agora.xtec.cat\/esc-elpalau\/wp-json\/wp\/v2\/posts"}],"about":[{"href":"https:\/\/agora.xtec.cat\/esc-elpalau\/wp-json\/wp\/v2\/types\/post"}],"author":[{"embeddable":true,"href":"https:\/\/agora.xtec.cat\/esc-elpalau\/wp-json\/wp\/v2\/users\/18"}],"replies":[{"embeddable":true,"href":"https:\/\/agora.xtec.cat\/esc-elpalau\/wp-json\/wp\/v2\/comments?post=3272"}],"version-history":[{"count":2,"href":"https:\/\/agora.xtec.cat\/esc-elpalau\/wp-json\/wp\/v2\/posts\/3272\/revisions"}],"predecessor-version":[{"id":3276,"href":"https:\/\/agora.xtec.cat\/esc-elpalau\/wp-json\/wp\/v2\/posts\/3272\/revisions\/3276"}],"wp:featuredmedia":[{"embeddable":true,"href":"https:\/\/agora.xtec.cat\/esc-elpalau\/wp-json\/wp\/v2\/media\/3277"}],"wp:attachment":[{"href":"https:\/\/agora.xtec.cat\/esc-elpalau\/wp-json\/wp\/v2\/media?parent=3272"}],"wp:term":[{"taxonomy":"category","embeddable":true,"href":"https:\/\/agora.xtec.cat\/esc-elpalau\/wp-json\/wp\/v2\/categories?post=3272"},{"taxonomy":"post_tag","embeddable":true,"href":"https:\/\/agora.xtec.cat\/esc-elpalau\/wp-json\/wp\/v2\/tags?post=3272"}],"curies":[{"name":"wp","href":"https:\/\/api.w.org\/{rel}","templated":true}]}}