{"id":3192,"date":"2022-10-31T17:21:11","date_gmt":"2022-10-31T16:21:11","guid":{"rendered":"https:\/\/agora.xtec.cat\/esc-elpalau\/?p=3192"},"modified":"2022-10-31T17:22:00","modified_gmt":"2022-10-31T16:22:00","slug":"sortida-de-tardor-a-can-pidelaserra","status":"publish","type":"post","link":"https:\/\/agora.xtec.cat\/esc-elpalau\/general\/sortida-de-tardor-a-can-pidelaserra\/","title":{"rendered":"SORTIDA DE TARDOR A CAN PIDELASERRA"},"content":{"rendered":"<p>Com cada tardar, els\/les alumnes d&#8217;Infantil han anat a veure a la Castanyera, han passejat pel bosc, han vist els animalets de granja i han compartit un d\u00eda amb els companys de cicle.<br \/>\nS&#8217;ho ha Passat d&#8217;all\u00f2 m\u00e9s b\u00e9!!<\/p>\n<p><iframe loading=\"lazy\" width=\"560\" height=\"315\" src=\"https:\/\/www.youtube.com\/embed\/NWV__KwX1pk\" title=\"YouTube video player\" frameborder=\"0\"><\/iframe><\/p>\n","protected":false},"excerpt":{"rendered":"<p>Com cada tardar, els\/les alumnes d&#8217;Infantil han anat a veure a la Castanyera, han passejat pel bosc, han vist els animalets de granja i han compartit un d\u00eda amb els companys de cicle.<br \/>\nS&#8217;ho ha Passat d&#8217;all\u00f2 m\u00e9s b\u00e9!!<\/p>\n","protected":false},"author":18,"featured_media":3194,"comment_status":"open","ping_status":"closed","sticky":false,"template":"","format":"standard","meta":{"_bbp_topic_count":0,"_bbp_reply_count":0,"_bbp_total_topic_count":0,"_bbp_total_reply_count":0,"_bbp_voice_count":0,"_bbp_anonymous_reply_count":0,"_bbp_topic_count_hidden":0,"_bbp_reply_count_hidden":0,"_bbp_forum_subforum_count":0,"footnotes":""},"categories":[1,2],"tags":[],"class_list":["post-3192","post","type-post","status-publish","format-standard","has-post-thumbnail","hentry","category-general","category-infantil"],"post_mailing_queue_ids":[],"_links":{"self":[{"href":"https:\/\/agora.xtec.cat\/esc-elpalau\/wp-json\/wp\/v2\/posts\/3192","targetHints":{"allow":["GET"]}}],"collection":[{"href":"https:\/\/agora.xtec.cat\/esc-elpalau\/wp-json\/wp\/v2\/posts"}],"about":[{"href":"https:\/\/agora.xtec.cat\/esc-elpalau\/wp-json\/wp\/v2\/types\/post"}],"author":[{"embeddable":true,"href":"https:\/\/agora.xtec.cat\/esc-elpalau\/wp-json\/wp\/v2\/users\/18"}],"replies":[{"embeddable":true,"href":"https:\/\/agora.xtec.cat\/esc-elpalau\/wp-json\/wp\/v2\/comments?post=3192"}],"version-history":[{"count":2,"href":"https:\/\/agora.xtec.cat\/esc-elpalau\/wp-json\/wp\/v2\/posts\/3192\/revisions"}],"predecessor-version":[{"id":3195,"href":"https:\/\/agora.xtec.cat\/esc-elpalau\/wp-json\/wp\/v2\/posts\/3192\/revisions\/3195"}],"wp:featuredmedia":[{"embeddable":true,"href":"https:\/\/agora.xtec.cat\/esc-elpalau\/wp-json\/wp\/v2\/media\/3194"}],"wp:attachment":[{"href":"https:\/\/agora.xtec.cat\/esc-elpalau\/wp-json\/wp\/v2\/media?parent=3192"}],"wp:term":[{"taxonomy":"category","embeddable":true,"href":"https:\/\/agora.xtec.cat\/esc-elpalau\/wp-json\/wp\/v2\/categories?post=3192"},{"taxonomy":"post_tag","embeddable":true,"href":"https:\/\/agora.xtec.cat\/esc-elpalau\/wp-json\/wp\/v2\/tags?post=3192"}],"curies":[{"name":"wp","href":"https:\/\/api.w.org\/{rel}","templated":true}]}}