{"id":3170,"date":"2022-06-22T11:08:22","date_gmt":"2022-06-22T09:08:22","guid":{"rendered":"https:\/\/agora.xtec.cat\/esc-elpalau\/?p=3170"},"modified":"2022-06-22T11:08:22","modified_gmt":"2022-06-22T09:08:22","slug":"conte-el-llarg-viatge-de-larc-de-sant-marti-3r-curs","status":"publish","type":"post","link":"https:\/\/agora.xtec.cat\/esc-elpalau\/general\/conte-el-llarg-viatge-de-larc-de-sant-marti-3r-curs\/","title":{"rendered":"Conte &#8220;El llarg viatge de l&#8217;arc de Sant Mart\u00ed&#8221; 3r CURS"},"content":{"rendered":"<p>Els alumnes de 3r hem realitzat una lectura compartida del conte &#8220;El llarg viatge de l&#8217;arc de Sant Mart\u00ed&#8221;.\u00a0Amb aquest conte hem treballat educaci\u00f3 en valors; parla de les difer\u00e8ncies f\u00edsiques i culturals, de la por de perdre la identitat, de la import\u00e0ncia de treballar en equip, de ser capa\u00e7os de tirar endavant malgrat les dificultats, del poder de la imaginaci\u00f3 i naturalment, de l&#8217;alegria del viatge. Al finalitzar el conte hem construit entre tots diferents cohets simulant el viatge a un altre planeta.<\/p>\n<p><a href=\"https:\/\/agora.xtec.cat\/esc-elpalau\/wp-content\/uploads\/usu1480\/2022\/06\/IMG_20220622_105435-scaled.jpg\"><img loading=\"lazy\" decoding=\"async\" class=\"alignnone size-medium wp-image-3174\" src=\"https:\/\/agora.xtec.cat\/esc-elpalau\/wp-content\/uploads\/usu1480\/2022\/06\/IMG_20220622_105435-300x225.jpg\" alt=\"\" width=\"300\" height=\"225\" srcset=\"https:\/\/agora.xtec.cat\/esc-elpalau\/wp-content\/uploads\/usu1480\/2022\/06\/IMG_20220622_105435-300x225.jpg 300w, https:\/\/agora.xtec.cat\/esc-elpalau\/wp-content\/uploads\/usu1480\/2022\/06\/IMG_20220622_105435-1024x768.jpg 1024w, https:\/\/agora.xtec.cat\/esc-elpalau\/wp-content\/uploads\/usu1480\/2022\/06\/IMG_20220622_105435-768x576.jpg 768w, https:\/\/agora.xtec.cat\/esc-elpalau\/wp-content\/uploads\/usu1480\/2022\/06\/IMG_20220622_105435-1536x1152.jpg 1536w, https:\/\/agora.xtec.cat\/esc-elpalau\/wp-content\/uploads\/usu1480\/2022\/06\/IMG_20220622_105435-2048x1536.jpg 2048w, https:\/\/agora.xtec.cat\/esc-elpalau\/wp-content\/uploads\/usu1480\/2022\/06\/IMG_20220622_105435-200x150.jpg 200w\" sizes=\"auto, (max-width: 300px) 100vw, 300px\" \/><\/a><a href=\"https:\/\/agora.xtec.cat\/esc-elpalau\/wp-content\/uploads\/usu1480\/2022\/06\/IMG_20220622_105353-scaled.jpg\"><img loading=\"lazy\" decoding=\"async\" class=\"alignnone size-medium wp-image-3173\" src=\"https:\/\/agora.xtec.cat\/esc-elpalau\/wp-content\/uploads\/usu1480\/2022\/06\/IMG_20220622_105353-300x225.jpg\" alt=\"\" width=\"300\" height=\"225\" srcset=\"https:\/\/agora.xtec.cat\/esc-elpalau\/wp-content\/uploads\/usu1480\/2022\/06\/IMG_20220622_105353-300x225.jpg 300w, https:\/\/agora.xtec.cat\/esc-elpalau\/wp-content\/uploads\/usu1480\/2022\/06\/IMG_20220622_105353-1024x768.jpg 1024w, https:\/\/agora.xtec.cat\/esc-elpalau\/wp-content\/uploads\/usu1480\/2022\/06\/IMG_20220622_105353-768x576.jpg 768w, https:\/\/agora.xtec.cat\/esc-elpalau\/wp-content\/uploads\/usu1480\/2022\/06\/IMG_20220622_105353-1536x1152.jpg 1536w, https:\/\/agora.xtec.cat\/esc-elpalau\/wp-content\/uploads\/usu1480\/2022\/06\/IMG_20220622_105353-2048x1536.jpg 2048w, https:\/\/agora.xtec.cat\/esc-elpalau\/wp-content\/uploads\/usu1480\/2022\/06\/IMG_20220622_105353-200x150.jpg 200w\" sizes=\"auto, (max-width: 300px) 100vw, 300px\" \/><\/a><\/p>\n","protected":false},"excerpt":{"rendered":"<p>Els alumnes de 3r hem realitzat una lectura compartida del conte &#8220;El llarg viatge de l&#8217;arc de Sant Mart\u00ed&#8221;.\u00a0Amb aquest conte hem treballat educaci\u00f3 en valors; parla de les difer\u00e8ncies f\u00edsiques i culturals, de la por de perdre la identitat, de la import\u00e0ncia de treballar&hellip;  <a href=\"https:\/\/agora.xtec.cat\/esc-elpalau\/general\/conte-el-llarg-viatge-de-larc-de-sant-marti-3r-curs\/\" title=\"Read Conte &#8220;El llarg viatge de l&#8217;arc de Sant Mart\u00ed&#8221; 3r CURS\">Llegeix m\u00e9s\u00bb<\/a><\/p>\n","protected":false},"author":1,"featured_media":0,"comment_status":"open","ping_status":"closed","sticky":false,"template":"","format":"standard","meta":{"_bbp_topic_count":0,"_bbp_reply_count":0,"_bbp_total_topic_count":0,"_bbp_total_reply_count":0,"_bbp_voice_count":0,"_bbp_anonymous_reply_count":0,"_bbp_topic_count_hidden":0,"_bbp_reply_count_hidden":0,"_bbp_forum_subforum_count":0,"footnotes":""},"categories":[128,11,1,4],"tags":[],"class_list":["post-3170","post","type-post","status-publish","format-standard","hentry","category-biblioteca","category-c-mitja","category-general","category-portada"],"post_mailing_queue_ids":[],"_links":{"self":[{"href":"https:\/\/agora.xtec.cat\/esc-elpalau\/wp-json\/wp\/v2\/posts\/3170","targetHints":{"allow":["GET"]}}],"collection":[{"href":"https:\/\/agora.xtec.cat\/esc-elpalau\/wp-json\/wp\/v2\/posts"}],"about":[{"href":"https:\/\/agora.xtec.cat\/esc-elpalau\/wp-json\/wp\/v2\/types\/post"}],"author":[{"embeddable":true,"href":"https:\/\/agora.xtec.cat\/esc-elpalau\/wp-json\/wp\/v2\/users\/1"}],"replies":[{"embeddable":true,"href":"https:\/\/agora.xtec.cat\/esc-elpalau\/wp-json\/wp\/v2\/comments?post=3170"}],"version-history":[{"count":3,"href":"https:\/\/agora.xtec.cat\/esc-elpalau\/wp-json\/wp\/v2\/posts\/3170\/revisions"}],"predecessor-version":[{"id":3178,"href":"https:\/\/agora.xtec.cat\/esc-elpalau\/wp-json\/wp\/v2\/posts\/3170\/revisions\/3178"}],"wp:attachment":[{"href":"https:\/\/agora.xtec.cat\/esc-elpalau\/wp-json\/wp\/v2\/media?parent=3170"}],"wp:term":[{"taxonomy":"category","embeddable":true,"href":"https:\/\/agora.xtec.cat\/esc-elpalau\/wp-json\/wp\/v2\/categories?post=3170"},{"taxonomy":"post_tag","embeddable":true,"href":"https:\/\/agora.xtec.cat\/esc-elpalau\/wp-json\/wp\/v2\/tags?post=3170"}],"curies":[{"name":"wp","href":"https:\/\/api.w.org\/{rel}","templated":true}]}}