{"id":3111,"date":"2022-05-13T09:28:39","date_gmt":"2022-05-13T07:28:39","guid":{"rendered":"https:\/\/agora.xtec.cat\/esc-elpalau\/?p=3111"},"modified":"2022-05-13T09:28:39","modified_gmt":"2022-05-13T07:28:39","slug":"els-5-sentits-a-p-3","status":"publish","type":"post","link":"https:\/\/agora.xtec.cat\/esc-elpalau\/general\/els-5-sentits-a-p-3\/","title":{"rendered":"Els 5 sentits a P-3"},"content":{"rendered":"<p>Durant el segon trimestre la classe del Camell hem anat experimentant amb els cinc sentits. Varietat d&#8217;olors i  gustos, diferents tactes i moltes m\u00e9s sensacions que en han ajudat a distingir els nostres cinc sentits.<br \/>\nHem gaudit molt perqu\u00e8 hem descobert que el nostre cos ens d\u00f3na molta informaci\u00f3 del m\u00f3n que ens envolta.<\/p>\n<p><iframe loading=\"lazy\" width=\"560\" height=\"315\" src=\"https:\/\/www.youtube.com\/embed\/6y8Ap9NSvzE\" title=\"YouTube video player\" frameborder=\"0\"><\/iframe><\/p>\n","protected":false},"excerpt":{"rendered":"<p>Durant el segon trimestre la classe del Camell hem anat experimentant amb els cinc sentits. Varietat d&#8217;olors i  gustos, diferents tactes i moltes m\u00e9s sensacions que en han ajudat a distingir els nostres cinc sentits.<br \/>\nHem gaudit molt perqu\u00e8 hem descobert que el nostre cos&hellip;  <a href=\"https:\/\/agora.xtec.cat\/esc-elpalau\/general\/els-5-sentits-a-p-3\/\" title=\"Read Els 5 sentits a P-3\">Llegeix m\u00e9s\u00bb<\/a><\/p>\n","protected":false},"author":18,"featured_media":3113,"comment_status":"open","ping_status":"closed","sticky":false,"template":"","format":"standard","meta":{"_bbp_topic_count":0,"_bbp_reply_count":0,"_bbp_total_topic_count":0,"_bbp_total_reply_count":0,"_bbp_voice_count":0,"_bbp_anonymous_reply_count":0,"_bbp_topic_count_hidden":0,"_bbp_reply_count_hidden":0,"_bbp_forum_subforum_count":0,"footnotes":""},"categories":[1,2],"tags":[],"class_list":["post-3111","post","type-post","status-publish","format-standard","has-post-thumbnail","hentry","category-general","category-infantil"],"post_mailing_queue_ids":[],"_links":{"self":[{"href":"https:\/\/agora.xtec.cat\/esc-elpalau\/wp-json\/wp\/v2\/posts\/3111","targetHints":{"allow":["GET"]}}],"collection":[{"href":"https:\/\/agora.xtec.cat\/esc-elpalau\/wp-json\/wp\/v2\/posts"}],"about":[{"href":"https:\/\/agora.xtec.cat\/esc-elpalau\/wp-json\/wp\/v2\/types\/post"}],"author":[{"embeddable":true,"href":"https:\/\/agora.xtec.cat\/esc-elpalau\/wp-json\/wp\/v2\/users\/18"}],"replies":[{"embeddable":true,"href":"https:\/\/agora.xtec.cat\/esc-elpalau\/wp-json\/wp\/v2\/comments?post=3111"}],"version-history":[{"count":3,"href":"https:\/\/agora.xtec.cat\/esc-elpalau\/wp-json\/wp\/v2\/posts\/3111\/revisions"}],"predecessor-version":[{"id":3115,"href":"https:\/\/agora.xtec.cat\/esc-elpalau\/wp-json\/wp\/v2\/posts\/3111\/revisions\/3115"}],"wp:featuredmedia":[{"embeddable":true,"href":"https:\/\/agora.xtec.cat\/esc-elpalau\/wp-json\/wp\/v2\/media\/3113"}],"wp:attachment":[{"href":"https:\/\/agora.xtec.cat\/esc-elpalau\/wp-json\/wp\/v2\/media?parent=3111"}],"wp:term":[{"taxonomy":"category","embeddable":true,"href":"https:\/\/agora.xtec.cat\/esc-elpalau\/wp-json\/wp\/v2\/categories?post=3111"},{"taxonomy":"post_tag","embeddable":true,"href":"https:\/\/agora.xtec.cat\/esc-elpalau\/wp-json\/wp\/v2\/tags?post=3111"}],"curies":[{"name":"wp","href":"https:\/\/api.w.org\/{rel}","templated":true}]}}