{"id":3108,"date":"2022-06-10T10:28:44","date_gmt":"2022-06-10T08:28:44","guid":{"rendered":"https:\/\/agora.xtec.cat\/esc-elpalau\/?p=3108"},"modified":"2022-06-10T10:27:12","modified_gmt":"2022-06-10T08:27:12","slug":"el-ultims-podcast-del-curs","status":"publish","type":"post","link":"https:\/\/agora.xtec.cat\/esc-elpalau\/general\/el-ultims-podcast-del-curs\/","title":{"rendered":"Els \u00faltims podcasts del curs"},"content":{"rendered":"<p>Queden poques setmanes de curs i alguns podcast per compartir amb vosaltres. Treballem intensament per oferir un bon contingut i potenciar l&#8217;expressi\u00f3 oral. Parlarem de les col\u00f2nies, del projcte del CUEME dels i les alumnes de 5\u00e9 i direm \u00e0deu als i les alumnes de 6\u00e9 d&#8217;una forma especial.<\/p>\n<p>Nos us perdeu les nostres produccions!<\/p>\n<p><strong>Podcast 13.<\/strong> 13\/5\/2021. <strong>Les col\u00f2nies de 4t, 5\u00e9 i 6\u00e9.<\/strong><\/p>\n<!--[if lt IE 9]><script>document.createElement('audio');<\/script><![endif]-->\n<audio class=\"wp-audio-shortcode\" id=\"audio-3108-1\" preload=\"none\" style=\"width: 100%;\" controls=\"controls\"><source type=\"audio\/mpeg\" src=\"https:\/\/agora.xtec.cat\/esc-elpalau\/wp-content\/uploads\/usu1480\/2022\/05\/PODCAST_COLONIES_.mp3?_=1\" \/><a href=\"https:\/\/agora.xtec.cat\/esc-elpalau\/wp-content\/uploads\/usu1480\/2022\/05\/PODCAST_COLONIES_.mp3\">https:\/\/agora.xtec.cat\/esc-elpalau\/wp-content\/uploads\/usu1480\/2022\/05\/PODCAST_COLONIES_.mp3<\/a><\/audio>\n<p><strong>Podcast 14.<\/strong> 20\/5\/2022. <strong>El CuEmE dels i els i les alumnes de 5\u00e9.<\/strong><\/p>\n<audio class=\"wp-audio-shortcode\" id=\"audio-3108-2\" preload=\"none\" style=\"width: 100%;\" controls=\"controls\"><source type=\"audio\/mpeg\" src=\"https:\/\/agora.xtec.cat\/esc-elpalau\/wp-content\/uploads\/usu1480\/2022\/05\/PODCAST_CUEME.mp3?_=2\" \/><a href=\"https:\/\/agora.xtec.cat\/esc-elpalau\/wp-content\/uploads\/usu1480\/2022\/05\/PODCAST_CUEME.mp3\">https:\/\/agora.xtec.cat\/esc-elpalau\/wp-content\/uploads\/usu1480\/2022\/05\/PODCAST_CUEME.mp3<\/a><\/audio>\n<p><strong>Podcast 15<\/strong>. 27\/05\/2022. <strong>Valoraci\u00f3 del mercat solidari del CuEmE.<\/strong><\/p>\n<audio class=\"wp-audio-shortcode\" id=\"audio-3108-3\" preload=\"none\" style=\"width: 100%;\" controls=\"controls\"><source type=\"audio\/mpeg\" src=\"https:\/\/agora.xtec.cat\/esc-elpalau\/wp-content\/uploads\/usu1480\/2022\/05\/CUEME_.mp3?_=3\" \/><a href=\"https:\/\/agora.xtec.cat\/esc-elpalau\/wp-content\/uploads\/usu1480\/2022\/05\/CUEME_.mp3\">https:\/\/agora.xtec.cat\/esc-elpalau\/wp-content\/uploads\/usu1480\/2022\/05\/CUEME_.mp3<\/a><\/audio>\n<p><strong>Podcast 16<\/strong>. 8\/06\/2022. <strong>Les col\u00f2nies de 1r, 2n i 3r.<\/strong><\/p>\n<audio class=\"wp-audio-shortcode\" id=\"audio-3108-4\" preload=\"none\" style=\"width: 100%;\" controls=\"controls\"><source type=\"audio\/mpeg\" src=\"https:\/\/agora.xtec.cat\/esc-elpalau\/wp-content\/uploads\/usu1480\/2022\/05\/COLONIES_-1.mp3?_=4\" \/><a href=\"https:\/\/agora.xtec.cat\/esc-elpalau\/wp-content\/uploads\/usu1480\/2022\/05\/COLONIES_-1.mp3\">https:\/\/agora.xtec.cat\/esc-elpalau\/wp-content\/uploads\/usu1480\/2022\/05\/COLONIES_-1.mp3<\/a><\/audio>\n<p>Gr\u00e0cies per escoltar-nos!<\/p>\n<p>&nbsp;<\/p>\n","protected":false},"excerpt":{"rendered":"<p>Queden poques setmanes de curs i alguns podcast per compartir amb vosaltres. Treballem intensament per oferir un bon contingut i potenciar l&#8217;expressi\u00f3 oral. Parlarem de les col\u00f2nies, del projcte del CUEME dels i les alumnes de 5\u00e9 i direm \u00e0deu als i les alumnes de&hellip;  <a href=\"https:\/\/agora.xtec.cat\/esc-elpalau\/general\/el-ultims-podcast-del-curs\/\" title=\"Read Els \u00faltims podcasts del curs\">Llegeix m\u00e9s\u00bb<\/a><\/p>\n","protected":false},"author":22,"featured_media":0,"comment_status":"open","ping_status":"closed","sticky":false,"template":"","format":"standard","meta":{"_bbp_topic_count":0,"_bbp_reply_count":0,"_bbp_total_topic_count":0,"_bbp_total_reply_count":0,"_bbp_voice_count":0,"_bbp_anonymous_reply_count":0,"_bbp_topic_count_hidden":0,"_bbp_reply_count_hidden":0,"_bbp_forum_subforum_count":0,"footnotes":""},"categories":[11,156,1,4,5],"tags":[],"class_list":["post-3108","post","type-post","status-publish","format-standard","hentry","category-c-mitja","category-podcast-c-mitja","category-general","category-portada","category-primaria"],"post_mailing_queue_ids":[],"_links":{"self":[{"href":"https:\/\/agora.xtec.cat\/esc-elpalau\/wp-json\/wp\/v2\/posts\/3108","targetHints":{"allow":["GET"]}}],"collection":[{"href":"https:\/\/agora.xtec.cat\/esc-elpalau\/wp-json\/wp\/v2\/posts"}],"about":[{"href":"https:\/\/agora.xtec.cat\/esc-elpalau\/wp-json\/wp\/v2\/types\/post"}],"author":[{"embeddable":true,"href":"https:\/\/agora.xtec.cat\/esc-elpalau\/wp-json\/wp\/v2\/users\/22"}],"replies":[{"embeddable":true,"href":"https:\/\/agora.xtec.cat\/esc-elpalau\/wp-json\/wp\/v2\/comments?post=3108"}],"version-history":[{"count":3,"href":"https:\/\/agora.xtec.cat\/esc-elpalau\/wp-json\/wp\/v2\/posts\/3108\/revisions"}],"predecessor-version":[{"id":3158,"href":"https:\/\/agora.xtec.cat\/esc-elpalau\/wp-json\/wp\/v2\/posts\/3108\/revisions\/3158"}],"wp:attachment":[{"href":"https:\/\/agora.xtec.cat\/esc-elpalau\/wp-json\/wp\/v2\/media?parent=3108"}],"wp:term":[{"taxonomy":"category","embeddable":true,"href":"https:\/\/agora.xtec.cat\/esc-elpalau\/wp-json\/wp\/v2\/categories?post=3108"},{"taxonomy":"post_tag","embeddable":true,"href":"https:\/\/agora.xtec.cat\/esc-elpalau\/wp-json\/wp\/v2\/tags?post=3108"}],"curies":[{"name":"wp","href":"https:\/\/api.w.org\/{rel}","templated":true}]}}