{"id":3083,"date":"2022-05-02T12:45:42","date_gmt":"2022-05-02T10:45:42","guid":{"rendered":"https:\/\/agora.xtec.cat\/esc-elpalau\/?p=3083"},"modified":"2022-05-02T13:09:03","modified_gmt":"2022-05-02T11:09:03","slug":"jocs-florals-2022","status":"publish","type":"post","link":"https:\/\/agora.xtec.cat\/esc-elpalau\/general\/jocs-florals-2022\/","title":{"rendered":"Jocs Florals 2022"},"content":{"rendered":"<p><a href=\"https:\/\/agora.xtec.cat\/esc-elpalau\/wp-content\/uploads\/usu1480\/2022\/04\/1651053861703-1-scaled.jpg\"><img loading=\"lazy\" decoding=\"async\" class=\"wp-image-3099 alignleft\" src=\"https:\/\/agora.xtec.cat\/esc-elpalau\/wp-content\/uploads\/usu1480\/2022\/04\/1651053861703-1-1024x649.jpg\" alt=\"\" width=\"232\" height=\"147\" srcset=\"https:\/\/agora.xtec.cat\/esc-elpalau\/wp-content\/uploads\/usu1480\/2022\/04\/1651053861703-1-1024x649.jpg 1024w, https:\/\/agora.xtec.cat\/esc-elpalau\/wp-content\/uploads\/usu1480\/2022\/04\/1651053861703-1-300x190.jpg 300w, https:\/\/agora.xtec.cat\/esc-elpalau\/wp-content\/uploads\/usu1480\/2022\/04\/1651053861703-1-768x486.jpg 768w, https:\/\/agora.xtec.cat\/esc-elpalau\/wp-content\/uploads\/usu1480\/2022\/04\/1651053861703-1-1536x973.jpg 1536w, https:\/\/agora.xtec.cat\/esc-elpalau\/wp-content\/uploads\/usu1480\/2022\/04\/1651053861703-1-2048x1297.jpg 2048w\" sizes=\"auto, (max-width: 232px) 100vw, 232px\" \/><\/a><\/p>\n<p>El divendres 22 d&#8217;abril vam celebrar els Jocs Florals, va haver m\u00fasica, dansa, diversi\u00f3 i poesia. I la cucafesta no hi va faltar\u00a0 La vam compartir pares, mares, avis i \u00e0vies, mestres i alumnes. Va ser una jornada molt agradable, un dia m\u00e9s per recordar.<\/p>\n<p>Els i les alumnes de l&#8217;escola han estat setmanes preparant els poemes, han sigut dies de molt esfor\u00e7, imaginaci\u00f3 i il\u00b7lusi\u00f3. A continuaci\u00f3 us deixem la gravaci\u00f3 dels poemes finalistes i guanyadors de cada curs, aix\u00ed ho podeu compartir amb tota la fam\u00edlia i amics.<\/p>\n<p>&nbsp;<\/p>\n<p><strong>Finalistes 1r: <\/strong>&#8220;El camell&#8221; J\u00falia Fericle, Lazare, Gerard Borghi i Abril Cerrada<\/p>\n<!--[if lt IE 9]><script>document.createElement('audio');<\/script><![endif]-->\n<audio class=\"wp-audio-shortcode\" id=\"audio-3083-1\" preload=\"none\" style=\"width: 100%;\" controls=\"controls\"><source type=\"audio\/mpeg\" src=\"https:\/\/agora.xtec.cat\/esc-elpalau\/wp-content\/uploads\/usu1480\/2022\/04\/Finalistes-1r.mp3?_=1\" \/><a href=\"https:\/\/agora.xtec.cat\/esc-elpalau\/wp-content\/uploads\/usu1480\/2022\/04\/Finalistes-1r.mp3\">https:\/\/agora.xtec.cat\/esc-elpalau\/wp-content\/uploads\/usu1480\/2022\/04\/Finalistes-1r.mp3<\/a><\/audio>\n<p><strong>Guanyadors 1r:<\/strong> &#8220;El Camell&#8221; Hans Traub, Greta Ferr\u00e9s, Alba Molina i Erik Mart\u00ed.<\/p>\n<audio class=\"wp-audio-shortcode\" id=\"audio-3083-2\" preload=\"none\" style=\"width: 100%;\" controls=\"controls\"><source type=\"audio\/mpeg\" src=\"https:\/\/agora.xtec.cat\/esc-elpalau\/wp-content\/uploads\/usu1480\/2022\/04\/Guanyadors-1r-1.mp3?_=2\" \/><a href=\"https:\/\/agora.xtec.cat\/esc-elpalau\/wp-content\/uploads\/usu1480\/2022\/04\/Guanyadors-1r-1.mp3\">https:\/\/agora.xtec.cat\/esc-elpalau\/wp-content\/uploads\/usu1480\/2022\/04\/Guanyadors-1r-1.mp3<\/a><\/audio>\n<p><strong>Finalistes 2n.<\/strong> &#8220;L&#8217;abella&#8221; Malak E, Aina M, Ian S i Pablo F.<\/p>\n<audio class=\"wp-audio-shortcode\" id=\"audio-3083-3\" preload=\"none\" style=\"width: 100%;\" controls=\"controls\"><source type=\"audio\/mpeg\" src=\"https:\/\/agora.xtec.cat\/esc-elpalau\/wp-content\/uploads\/usu1480\/2022\/04\/finalistes-2n.mp3?_=3\" \/><a href=\"https:\/\/agora.xtec.cat\/esc-elpalau\/wp-content\/uploads\/usu1480\/2022\/04\/finalistes-2n.mp3\">https:\/\/agora.xtec.cat\/esc-elpalau\/wp-content\/uploads\/usu1480\/2022\/04\/finalistes-2n.mp3<\/a><\/audio>\n<p><strong>Guanyadors 2n:<\/strong> &#8220;El Circ&#8221; Hugo Rios, Jor Rodr\u00edguez, Alba S\u00e1nchez i Irune Sanz<\/p>\n<audio class=\"wp-audio-shortcode\" id=\"audio-3083-4\" preload=\"none\" style=\"width: 100%;\" controls=\"controls\"><source type=\"audio\/mpeg\" src=\"https:\/\/agora.xtec.cat\/esc-elpalau\/wp-content\/uploads\/usu1480\/2022\/04\/guanyadors-2n.mp3?_=4\" \/><a href=\"https:\/\/agora.xtec.cat\/esc-elpalau\/wp-content\/uploads\/usu1480\/2022\/04\/guanyadors-2n.mp3\">https:\/\/agora.xtec.cat\/esc-elpalau\/wp-content\/uploads\/usu1480\/2022\/04\/guanyadors-2n.mp3<\/a><\/audio>\n<p><strong>Finalista 3r: <\/strong>&#8220;Et dedico aquest poema&#8221; Chlo\u00e9 Satana<\/p>\n<audio class=\"wp-audio-shortcode\" id=\"audio-3083-5\" preload=\"none\" style=\"width: 100%;\" controls=\"controls\"><source type=\"audio\/mpeg\" src=\"https:\/\/agora.xtec.cat\/esc-elpalau\/wp-content\/uploads\/usu1480\/2022\/04\/Finalista-3r.mp3?_=5\" \/><a href=\"https:\/\/agora.xtec.cat\/esc-elpalau\/wp-content\/uploads\/usu1480\/2022\/04\/Finalista-3r.mp3\">https:\/\/agora.xtec.cat\/esc-elpalau\/wp-content\/uploads\/usu1480\/2022\/04\/Finalista-3r.mp3<\/a><\/audio>\n<p><strong>Guanyador 3r: <\/strong>&#8220;Entre els arbres&#8221;. Zayd Ziyani<\/p>\n<audio class=\"wp-audio-shortcode\" id=\"audio-3083-6\" preload=\"none\" style=\"width: 100%;\" controls=\"controls\"><source type=\"audio\/mpeg\" src=\"https:\/\/agora.xtec.cat\/esc-elpalau\/wp-content\/uploads\/usu1480\/2022\/04\/Guanyador-3r-DEFINITIU.mp3?_=6\" \/><a href=\"https:\/\/agora.xtec.cat\/esc-elpalau\/wp-content\/uploads\/usu1480\/2022\/04\/Guanyador-3r-DEFINITIU.mp3\">https:\/\/agora.xtec.cat\/esc-elpalau\/wp-content\/uploads\/usu1480\/2022\/04\/Guanyador-3r-DEFINITIU.mp3<\/a><\/audio>\n<p><strong>Finalista 4t:<\/strong> &#8220;L&#8217;alegria&#8221; Claudia Vidal<\/p>\n<audio class=\"wp-audio-shortcode\" id=\"audio-3083-7\" preload=\"none\" style=\"width: 100%;\" controls=\"controls\"><source type=\"audio\/mpeg\" src=\"https:\/\/agora.xtec.cat\/esc-elpalau\/wp-content\/uploads\/usu1480\/2022\/04\/Finalista-4t.mp3?_=7\" \/><a href=\"https:\/\/agora.xtec.cat\/esc-elpalau\/wp-content\/uploads\/usu1480\/2022\/04\/Finalista-4t.mp3\">https:\/\/agora.xtec.cat\/esc-elpalau\/wp-content\/uploads\/usu1480\/2022\/04\/Finalista-4t.mp3<\/a><\/audio>\n<p><strong>Guanyadora 4t: <\/strong>&#8220;Qu\u00e8 \u00e9s l&#8217;alegria?&#8221; Noa Qui\u00f1onez<\/p>\n<audio class=\"wp-audio-shortcode\" id=\"audio-3083-8\" preload=\"none\" style=\"width: 100%;\" controls=\"controls\"><source type=\"audio\/mpeg\" src=\"https:\/\/agora.xtec.cat\/esc-elpalau\/wp-content\/uploads\/usu1480\/2022\/04\/Guanyador-4t.mp3?_=8\" \/><a href=\"https:\/\/agora.xtec.cat\/esc-elpalau\/wp-content\/uploads\/usu1480\/2022\/04\/Guanyador-4t.mp3\">https:\/\/agora.xtec.cat\/esc-elpalau\/wp-content\/uploads\/usu1480\/2022\/04\/Guanyador-4t.mp3<\/a><\/audio>\n<p><strong>Finalista 5\u00e9<\/strong>: &#8220;Se&#8217;ns en va la terra&#8221; Helena Campos<\/p>\n<audio class=\"wp-audio-shortcode\" id=\"audio-3083-9\" preload=\"none\" style=\"width: 100%;\" controls=\"controls\"><source type=\"audio\/mpeg\" src=\"https:\/\/agora.xtec.cat\/esc-elpalau\/wp-content\/uploads\/usu1480\/2022\/04\/Finalista-5e.mp3?_=9\" \/><a href=\"https:\/\/agora.xtec.cat\/esc-elpalau\/wp-content\/uploads\/usu1480\/2022\/04\/Finalista-5e.mp3\">https:\/\/agora.xtec.cat\/esc-elpalau\/wp-content\/uploads\/usu1480\/2022\/04\/Finalista-5e.mp3<\/a><\/audio>\n<p><strong>Guanyadora 5\u00e9:<\/strong> &#8220;Les meves emocions&#8221; Jannat El Gandour<\/p>\n<audio class=\"wp-audio-shortcode\" id=\"audio-3083-10\" preload=\"none\" style=\"width: 100%;\" controls=\"controls\"><source type=\"audio\/mpeg\" src=\"https:\/\/agora.xtec.cat\/esc-elpalau\/wp-content\/uploads\/usu1480\/2022\/05\/guanyador-5e_1.mp3?_=10\" \/><a href=\"https:\/\/agora.xtec.cat\/esc-elpalau\/wp-content\/uploads\/usu1480\/2022\/05\/guanyador-5e_1.mp3\">https:\/\/agora.xtec.cat\/esc-elpalau\/wp-content\/uploads\/usu1480\/2022\/05\/guanyador-5e_1.mp3<\/a><\/audio>\n<p><strong>Finalista 6\u00e9:<\/strong> &#8220;El meu suro&#8221; Victor Mart\u00ednez<\/p>\n<audio class=\"wp-audio-shortcode\" id=\"audio-3083-11\" preload=\"none\" style=\"width: 100%;\" controls=\"controls\"><source type=\"audio\/mpeg\" src=\"https:\/\/agora.xtec.cat\/esc-elpalau\/wp-content\/uploads\/usu1480\/2022\/04\/Finalista-de-6e.mp3?_=11\" \/><a href=\"https:\/\/agora.xtec.cat\/esc-elpalau\/wp-content\/uploads\/usu1480\/2022\/04\/Finalista-de-6e.mp3\">https:\/\/agora.xtec.cat\/esc-elpalau\/wp-content\/uploads\/usu1480\/2022\/04\/Finalista-de-6e.mp3<\/a><\/audio>\n<p><strong>Guanyador 6\u00e9: <\/strong>&#8220;La Muntanya&#8221; Maria Calafell<\/p>\n<audio class=\"wp-audio-shortcode\" id=\"audio-3083-12\" preload=\"none\" style=\"width: 100%;\" controls=\"controls\"><source type=\"audio\/mpeg\" src=\"https:\/\/agora.xtec.cat\/esc-elpalau\/wp-content\/uploads\/usu1480\/2022\/04\/guanyador-6e.mp3?_=12\" \/><a href=\"https:\/\/agora.xtec.cat\/esc-elpalau\/wp-content\/uploads\/usu1480\/2022\/04\/guanyador-6e.mp3\">https:\/\/agora.xtec.cat\/esc-elpalau\/wp-content\/uploads\/usu1480\/2022\/04\/guanyador-6e.mp3<\/a><\/audio>\n<p>Esperem que hagueu gaudit escoltant els poemes!<\/p>\n","protected":false},"excerpt":{"rendered":"<p><a href=\"https:\/\/agora.xtec.cat\/esc-elpalau\/wp-content\/uploads\/usu1480\/2022\/04\/1651053861703-1-scaled.jpg\"><\/a><br \/>\nEl divendres 22 d&#8217;abril vam celebrar els Jocs Florals, va haver m\u00fasica, dansa, diversi\u00f3 i poesia. I la cucafesta no hi va faltar\u00a0 La vam compartir pares, mares, avis i \u00e0vies, mestres i alumnes. Va ser una jornada molt agradable, un dia m\u00e9s per&hellip;  <a href=\"https:\/\/agora.xtec.cat\/esc-elpalau\/general\/jocs-florals-2022\/\" title=\"Read Jocs Florals 2022\">Llegeix m\u00e9s\u00bb<\/a><\/p>\n","protected":false},"author":22,"featured_media":0,"comment_status":"open","ping_status":"closed","sticky":false,"template":"","format":"standard","meta":{"_bbp_topic_count":0,"_bbp_reply_count":0,"_bbp_total_topic_count":0,"_bbp_total_reply_count":0,"_bbp_voice_count":0,"_bbp_anonymous_reply_count":0,"_bbp_topic_count_hidden":0,"_bbp_reply_count_hidden":0,"_bbp_forum_subforum_count":0,"footnotes":""},"categories":[1,5],"tags":[],"class_list":["post-3083","post","type-post","status-publish","format-standard","hentry","category-general","category-primaria"],"post_mailing_queue_ids":[],"_links":{"self":[{"href":"https:\/\/agora.xtec.cat\/esc-elpalau\/wp-json\/wp\/v2\/posts\/3083","targetHints":{"allow":["GET"]}}],"collection":[{"href":"https:\/\/agora.xtec.cat\/esc-elpalau\/wp-json\/wp\/v2\/posts"}],"about":[{"href":"https:\/\/agora.xtec.cat\/esc-elpalau\/wp-json\/wp\/v2\/types\/post"}],"author":[{"embeddable":true,"href":"https:\/\/agora.xtec.cat\/esc-elpalau\/wp-json\/wp\/v2\/users\/22"}],"replies":[{"embeddable":true,"href":"https:\/\/agora.xtec.cat\/esc-elpalau\/wp-json\/wp\/v2\/comments?post=3083"}],"version-history":[{"count":3,"href":"https:\/\/agora.xtec.cat\/esc-elpalau\/wp-json\/wp\/v2\/posts\/3083\/revisions"}],"predecessor-version":[{"id":3107,"href":"https:\/\/agora.xtec.cat\/esc-elpalau\/wp-json\/wp\/v2\/posts\/3083\/revisions\/3107"}],"wp:attachment":[{"href":"https:\/\/agora.xtec.cat\/esc-elpalau\/wp-json\/wp\/v2\/media?parent=3083"}],"wp:term":[{"taxonomy":"category","embeddable":true,"href":"https:\/\/agora.xtec.cat\/esc-elpalau\/wp-json\/wp\/v2\/categories?post=3083"},{"taxonomy":"post_tag","embeddable":true,"href":"https:\/\/agora.xtec.cat\/esc-elpalau\/wp-json\/wp\/v2\/tags?post=3083"}],"curies":[{"name":"wp","href":"https:\/\/api.w.org\/{rel}","templated":true}]}}