{"id":3029,"date":"2022-04-01T15:47:33","date_gmt":"2022-04-01T13:47:33","guid":{"rendered":"https:\/\/agora.xtec.cat\/esc-elpalau\/?p=3029"},"modified":"2022-04-01T15:46:36","modified_gmt":"2022-04-01T13:46:36","slug":"novetats-als-podcasts","status":"publish","type":"post","link":"https:\/\/agora.xtec.cat\/esc-elpalau\/portada\/novetats-als-podcasts\/","title":{"rendered":"Novetats als podcasts"},"content":{"rendered":"<p>&nbsp;<\/p>\n<p><a style=\"color: #2795b6\" href=\"https:\/\/agora.xtec.cat\/esc-elpalau\/wp-content\/uploads\/usu1480\/2022\/03\/1646388847309-scaled.jpg\"><img loading=\"lazy\" decoding=\"async\" class=\"wp-image-3031 alignleft\" src=\"https:\/\/agora.xtec.cat\/esc-elpalau\/wp-content\/uploads\/usu1480\/2022\/03\/1646388847309-1024x679.jpg\" alt=\"\" width=\"271\" height=\"180\" srcset=\"https:\/\/agora.xtec.cat\/esc-elpalau\/wp-content\/uploads\/usu1480\/2022\/03\/1646388847309-1024x679.jpg 1024w, https:\/\/agora.xtec.cat\/esc-elpalau\/wp-content\/uploads\/usu1480\/2022\/03\/1646388847309-300x199.jpg 300w, https:\/\/agora.xtec.cat\/esc-elpalau\/wp-content\/uploads\/usu1480\/2022\/03\/1646388847309-768x509.jpg 768w, https:\/\/agora.xtec.cat\/esc-elpalau\/wp-content\/uploads\/usu1480\/2022\/03\/1646388847309-1536x1019.jpg 1536w, https:\/\/agora.xtec.cat\/esc-elpalau\/wp-content\/uploads\/usu1480\/2022\/03\/1646388847309-2048x1358.jpg 2048w\" sizes=\"auto, (max-width: 271px) 100vw, 271px\" \/><\/a><\/p>\n<p>Aquesta setmana els i les alumnes de 4t han treballat en la creaci\u00f3 d&#8217;una entrada personalitzatada pels podcast. Han triat una m\u00fasica, han escrit el text i a trav\u00e9s d&#8217;un sorteig hem triat quin nen o nena feia la grabaci\u00f3. Ha estat molt divertit!<\/p>\n<p>&nbsp;<\/p>\n<p>En aquest nou article us deixem el nou podcast amb la nova falca.<\/p>\n<p>&nbsp;<\/p>\n<p><strong style=\"font-family: inherit;font-size: 1em\">Podcast 10. <\/strong><span style=\"font-family: inherit;font-size: 1em\">4<\/span><span style=\"font-family: inherit;font-size: 1em\">\/03<\/span><span style=\"font-family: inherit;font-size: 1em\">\/2022. <\/span><strong style=\"font-family: inherit;font-size: 1em\">El carnestoltes a l&#8217;escola<\/strong><\/p>\n<!--[if lt IE 9]><script>document.createElement('audio');<\/script><![endif]-->\n<audio class=\"wp-audio-shortcode\" id=\"audio-3029-1\" preload=\"none\" style=\"width: 100%;\" controls=\"controls\"><source type=\"audio\/mpeg\" src=\"https:\/\/agora.xtec.cat\/esc-elpalau\/wp-content\/uploads\/usu1480\/2022\/03\/PODCAST_10_EL_PALAU_4T.mp3?_=1\" \/><a href=\"https:\/\/agora.xtec.cat\/esc-elpalau\/wp-content\/uploads\/usu1480\/2022\/03\/PODCAST_10_EL_PALAU_4T.mp3\">https:\/\/agora.xtec.cat\/esc-elpalau\/wp-content\/uploads\/usu1480\/2022\/03\/PODCAST_10_EL_PALAU_4T.mp3<\/a><\/audio>\n<p>Podcast 11. 25\/03\/22. <strong>Aprenem a fer de m\u00fasica<\/strong><\/p>\n<audio class=\"wp-audio-shortcode\" id=\"audio-3029-2\" preload=\"none\" style=\"width: 100%;\" controls=\"controls\"><source type=\"audio\/mpeg\" src=\"https:\/\/agora.xtec.cat\/esc-elpalau\/wp-content\/uploads\/usu1480\/2022\/03\/PODCAST_TALLER_MUSICA_2.mp3?_=2\" \/><a href=\"https:\/\/agora.xtec.cat\/esc-elpalau\/wp-content\/uploads\/usu1480\/2022\/03\/PODCAST_TALLER_MUSICA_2.mp3\">https:\/\/agora.xtec.cat\/esc-elpalau\/wp-content\/uploads\/usu1480\/2022\/03\/PODCAST_TALLER_MUSICA_2.mp3<\/a><\/audio>\n<p><strong>Podcast 12.<\/strong> 1\/04\/22. <strong>El teatre d&#8217;angl\u00e8s.<\/strong><\/p>\n<audio class=\"wp-audio-shortcode\" id=\"audio-3029-3\" preload=\"none\" style=\"width: 100%;\" controls=\"controls\"><source type=\"audio\/mpeg\" src=\"https:\/\/agora.xtec.cat\/esc-elpalau\/wp-content\/uploads\/usu1480\/2022\/03\/PODCAST_TEATRE_2.mp3?_=3\" \/><a href=\"https:\/\/agora.xtec.cat\/esc-elpalau\/wp-content\/uploads\/usu1480\/2022\/03\/PODCAST_TEATRE_2.mp3\">https:\/\/agora.xtec.cat\/esc-elpalau\/wp-content\/uploads\/usu1480\/2022\/03\/PODCAST_TEATRE_2.mp3<\/a><\/audio>\n<p>Esperem que us agradi!<\/p>\n","protected":false},"excerpt":{"rendered":"<p>&nbsp;<br \/>\n<a style=\"color: #2795b6\" href=\"https:\/\/agora.xtec.cat\/esc-elpalau\/wp-content\/uploads\/usu1480\/2022\/03\/1646388847309-scaled.jpg\"><\/a><br \/>\nAquesta setmana els i les alumnes de 4t han treballat en la creaci\u00f3 d&#8217;una entrada personalitzatada pels podcast. Han triat una m\u00fasica, han escrit el text i a trav\u00e9s d&#8217;un sorteig hem triat quin nen o nena feia la grabaci\u00f3. Ha estat&hellip;  <a href=\"https:\/\/agora.xtec.cat\/esc-elpalau\/portada\/novetats-als-podcasts\/\" title=\"Read Novetats als podcasts\">Llegeix m\u00e9s\u00bb<\/a><\/p>\n","protected":false},"author":22,"featured_media":0,"comment_status":"open","ping_status":"closed","sticky":false,"template":"","format":"standard","meta":{"_bbp_topic_count":0,"_bbp_reply_count":0,"_bbp_total_topic_count":0,"_bbp_total_reply_count":0,"_bbp_voice_count":0,"_bbp_anonymous_reply_count":0,"_bbp_topic_count_hidden":0,"_bbp_reply_count_hidden":0,"_bbp_forum_subforum_count":0,"footnotes":""},"categories":[11,156,4],"tags":[],"class_list":["post-3029","post","type-post","status-publish","format-standard","hentry","category-c-mitja","category-podcast-c-mitja","category-portada"],"post_mailing_queue_ids":[],"_links":{"self":[{"href":"https:\/\/agora.xtec.cat\/esc-elpalau\/wp-json\/wp\/v2\/posts\/3029","targetHints":{"allow":["GET"]}}],"collection":[{"href":"https:\/\/agora.xtec.cat\/esc-elpalau\/wp-json\/wp\/v2\/posts"}],"about":[{"href":"https:\/\/agora.xtec.cat\/esc-elpalau\/wp-json\/wp\/v2\/types\/post"}],"author":[{"embeddable":true,"href":"https:\/\/agora.xtec.cat\/esc-elpalau\/wp-json\/wp\/v2\/users\/22"}],"replies":[{"embeddable":true,"href":"https:\/\/agora.xtec.cat\/esc-elpalau\/wp-json\/wp\/v2\/comments?post=3029"}],"version-history":[{"count":3,"href":"https:\/\/agora.xtec.cat\/esc-elpalau\/wp-json\/wp\/v2\/posts\/3029\/revisions"}],"predecessor-version":[{"id":3075,"href":"https:\/\/agora.xtec.cat\/esc-elpalau\/wp-json\/wp\/v2\/posts\/3029\/revisions\/3075"}],"wp:attachment":[{"href":"https:\/\/agora.xtec.cat\/esc-elpalau\/wp-json\/wp\/v2\/media?parent=3029"}],"wp:term":[{"taxonomy":"category","embeddable":true,"href":"https:\/\/agora.xtec.cat\/esc-elpalau\/wp-json\/wp\/v2\/categories?post=3029"},{"taxonomy":"post_tag","embeddable":true,"href":"https:\/\/agora.xtec.cat\/esc-elpalau\/wp-json\/wp\/v2\/tags?post=3029"}],"curies":[{"name":"wp","href":"https:\/\/api.w.org\/{rel}","templated":true}]}}