{"id":2964,"date":"2022-02-05T00:59:34","date_gmt":"2022-02-04T23:59:34","guid":{"rendered":"https:\/\/agora.xtec.cat\/esc-elpalau\/?p=2964"},"modified":"2022-02-05T00:59:34","modified_gmt":"2022-02-04T23:59:34","slug":"4t-la-6a-setmana-verda","status":"publish","type":"post","link":"https:\/\/agora.xtec.cat\/esc-elpalau\/portada\/4t-la-6a-setmana-verda\/","title":{"rendered":"4t. La 6\u00aa SETMANA VERDA"},"content":{"rendered":"<p>Els nens i nenes de 4t hem viscut la 6\u00aa Setmana Verda de l&#8217;escola plena de bons moments, on ens hem conscienciat de la necessitat de cuidar la natura i el nostre entorn.<\/p>\n<p>El dilluns van fer el taller &#8220;De cab\u00e0s en cab\u00e0s&#8230;&#8221; on vam jugar amb un parx\u00eds gegant dedicat a compartir idees per cuidar el medi ambient; com fer una compra responsable o donar una segona vida als residus, &#8230;<\/p>\n<p>El dimarts vam apendre a com gestionar els residus amb el taller &#8220;Tamquem el cicle&#8221;. I tamb\u00e9 amb el taller &#8220;Stop soroll, fem salut&#8221; ens vam conscienciar del soroll que generem a l&#8217;escola mesurant els decibels dels diferents espais amb uns son\u00f2metres.<\/p>\n<p>El dimecres vam sortir al riu Llobregat a observar com estava aquest espai de natura que tenim tant a prop. Vam recollir residus i els vam portar a reciclar. Va ser la nostra contribuci\u00f3 a la conservaci\u00f3 del medi.<\/p>\n<p>I divendres vam fer una escapadeta a la fira de la Candelera per comprar bulbs. Els plantarem i els cuidarem a l&#8217;escola.<\/p>\n<p>Us agrada el nostre cartell de la 6\u00aa Setmana Verda?<\/p>\n<p><a href=\"https:\/\/drive.google.com\/drive\/u\/1\/folders\/1h7txcuMYMl1hBsCJ3-B6FSyDN57jtGYy\"><img loading=\"lazy\" decoding=\"async\" class=\"aligncenter size-medium wp-image-2965\" src=\"https:\/\/agora.xtec.cat\/esc-elpalau\/wp-content\/uploads\/usu1480\/2022\/02\/Screenshot_20220205-004243_Gallery-223x300.jpg\" alt=\"\" width=\"223\" height=\"300\" srcset=\"https:\/\/agora.xtec.cat\/esc-elpalau\/wp-content\/uploads\/usu1480\/2022\/02\/Screenshot_20220205-004243_Gallery-223x300.jpg 223w, https:\/\/agora.xtec.cat\/esc-elpalau\/wp-content\/uploads\/usu1480\/2022\/02\/Screenshot_20220205-004243_Gallery-760x1024.jpg 760w, https:\/\/agora.xtec.cat\/esc-elpalau\/wp-content\/uploads\/usu1480\/2022\/02\/Screenshot_20220205-004243_Gallery-768x1035.jpg 768w, https:\/\/agora.xtec.cat\/esc-elpalau\/wp-content\/uploads\/usu1480\/2022\/02\/Screenshot_20220205-004243_Gallery.jpg 1073w\" sizes=\"auto, (max-width: 223px) 100vw, 223px\" \/><\/a><\/p>\n<p style=\"text-align: center;\">(Cliqueu al cartell per a veure les fotos)<\/p>\n<p style=\"text-align: center;\">\n","protected":false},"excerpt":{"rendered":"<p>Els nens i nenes de 4t hem viscut la 6\u00aa Setmana Verda de l&#8217;escola plena de bons moments, on ens hem conscienciat de la necessitat de cuidar la natura i el nostre entorn.<br \/>\nEl dilluns van fer el taller &#8220;De cab\u00e0s en cab\u00e0s&#8230;&#8221; on vam jugar&hellip;  <a href=\"https:\/\/agora.xtec.cat\/esc-elpalau\/portada\/4t-la-6a-setmana-verda\/\" title=\"Read 4t. La 6\u00aa SETMANA VERDA\">Llegeix m\u00e9s\u00bb<\/a><\/p>\n","protected":false},"author":30,"featured_media":2965,"comment_status":"open","ping_status":"closed","sticky":false,"template":"","format":"standard","meta":{"_bbp_topic_count":0,"_bbp_reply_count":0,"_bbp_total_topic_count":0,"_bbp_total_reply_count":0,"_bbp_voice_count":0,"_bbp_anonymous_reply_count":0,"_bbp_topic_count_hidden":0,"_bbp_reply_count_hidden":0,"_bbp_forum_subforum_count":0,"footnotes":""},"categories":[11,4,5],"tags":[],"class_list":["post-2964","post","type-post","status-publish","format-standard","has-post-thumbnail","hentry","category-c-mitja","category-portada","category-primaria"],"post_mailing_queue_ids":[],"_links":{"self":[{"href":"https:\/\/agora.xtec.cat\/esc-elpalau\/wp-json\/wp\/v2\/posts\/2964","targetHints":{"allow":["GET"]}}],"collection":[{"href":"https:\/\/agora.xtec.cat\/esc-elpalau\/wp-json\/wp\/v2\/posts"}],"about":[{"href":"https:\/\/agora.xtec.cat\/esc-elpalau\/wp-json\/wp\/v2\/types\/post"}],"author":[{"embeddable":true,"href":"https:\/\/agora.xtec.cat\/esc-elpalau\/wp-json\/wp\/v2\/users\/30"}],"replies":[{"embeddable":true,"href":"https:\/\/agora.xtec.cat\/esc-elpalau\/wp-json\/wp\/v2\/comments?post=2964"}],"version-history":[{"count":2,"href":"https:\/\/agora.xtec.cat\/esc-elpalau\/wp-json\/wp\/v2\/posts\/2964\/revisions"}],"predecessor-version":[{"id":2967,"href":"https:\/\/agora.xtec.cat\/esc-elpalau\/wp-json\/wp\/v2\/posts\/2964\/revisions\/2967"}],"wp:featuredmedia":[{"embeddable":true,"href":"https:\/\/agora.xtec.cat\/esc-elpalau\/wp-json\/wp\/v2\/media\/2965"}],"wp:attachment":[{"href":"https:\/\/agora.xtec.cat\/esc-elpalau\/wp-json\/wp\/v2\/media?parent=2964"}],"wp:term":[{"taxonomy":"category","embeddable":true,"href":"https:\/\/agora.xtec.cat\/esc-elpalau\/wp-json\/wp\/v2\/categories?post=2964"},{"taxonomy":"post_tag","embeddable":true,"href":"https:\/\/agora.xtec.cat\/esc-elpalau\/wp-json\/wp\/v2\/tags?post=2964"}],"curies":[{"name":"wp","href":"https:\/\/api.w.org\/{rel}","templated":true}]}}